{"id":47602,"date":"2025-11-09T00:12:56","date_gmt":"2025-11-08T23:12:56","guid":{"rendered":"https:\/\/filles-de-la-charite.org\/?p=47602"},"modified":"2025-11-08T23:59:20","modified_gmt":"2025-11-08T22:59:20","slug":"un-nuevo-camino-de-comunion-la-admision-de-sor-piergrazia-licandro-en-la-compania-de-las-hijas-de-la-caridad","status":"publish","type":"post","link":"https:\/\/filles-de-la-charite.org\/pt-pt\/un-nuevo-camino-de-comunion-la-admision-de-sor-piergrazia-licandro-en-la-compania-de-las-hijas-de-la-caridad\/","title":{"rendered":"Um novo caminho de comunh\u00e3o: admiss\u00e3o na Companhia das Filhas da Caridade da Irm\u00e3 Piergrazia Licandro"},"content":{"rendered":"\n<p>Na Solenidade de Todos os Santos, dia que celebramos aqueles que viveram plenamente o amor de Cristo, a Companhia das Filhas da Caridade viveu um momento de profunda gra\u00e7a e esperan\u00e7a: a admiss\u00e3o <strong><em>da Irm\u00e3 Piergrazia Licandro<\/em><\/strong>.<\/p>\n\n\n\n<figure class=\"wp-block-image size-large\"><img loading=\"lazy\" decoding=\"async\" width=\"1024\" height=\"768\" src=\"https:\/\/filles-de-la-charite.org\/wp-content\/uploads\/2025\/11\/3-1024x768.jpg\" alt=\"\" class=\"wp-image-47591\" srcset=\"https:\/\/filles-de-la-charite.org\/wp-content\/uploads\/2025\/11\/3-1024x768.jpg 1024w, https:\/\/filles-de-la-charite.org\/wp-content\/uploads\/2025\/11\/3-980x735.jpg 980w, https:\/\/filles-de-la-charite.org\/wp-content\/uploads\/2025\/11\/3-480x360.jpg 480w\" sizes=\"(min-width: 0px) and (max-width: 480px) 480px, (min-width: 481px) and (max-width: 980px) 980px, (min-width: 981px) 1024px, 100vw\" \/><\/figure>\n\n\n\n<p><strong>Um sinal de unidade al\u00e9m das fronteiras<\/strong><\/p>\n\n\n\n<p>Com a entrada de Irm\u00e3 Piergrazia, a Prov\u00edncia de S\u00e3o Vicente na It\u00e1lia passa a integrar o Semin\u00e1rio Interprovincial juntamente com as Prov\u00edncias da Espanha. Este passo representa uma nova etapa de comunh\u00e3o e colabora\u00e7\u00e3o entre comunidades europeias, especialmente num tempo em que o decl\u00ednio das voca\u00e7\u00f5es e as diferen\u00e7as culturais podem gerar desafios.<\/p>\n\n\n\n<p><em>\u201cEis que vou fazer uma coisa nova, ela j\u00e1 vem despontando: n\u00e3o a percebeis?Com efeito, estabelecerei um caminho no deserto, e rios em lugares ermos.\u201d (<\/em> Isa\u00edas 43,19).<\/p>\n\n\n\n<figure class=\"wp-block-image size-large\"><img loading=\"lazy\" decoding=\"async\" width=\"1024\" height=\"768\" src=\"https:\/\/filles-de-la-charite.org\/wp-content\/uploads\/2025\/11\/1-1024x768.jpg\" alt=\"\" class=\"wp-image-47589\" srcset=\"https:\/\/filles-de-la-charite.org\/wp-content\/uploads\/2025\/11\/1-980x735.jpg 980w, https:\/\/filles-de-la-charite.org\/wp-content\/uploads\/2025\/11\/1-480x360.jpg 480w\" sizes=\"(min-width: 0px) and (max-width: 480px) 480px, (min-width: 481px) and (max-width: 980px) 980px, (min-width: 981px) 1024px, 100vw\" \/><\/figure>\n\n\n\n<p><strong>Celebra\u00e7\u00e3o de f\u00e9 e fraternidade<\/strong><\/p>\n\n\n\n<p>A cerim\u00f4nia, realizada na Casa Provincial em Roma, foi marcada por um clima de ora\u00e7\u00e3o e fraternidade. As Irm\u00e3s jovens e membros de diversas comunidades italianas se uniram \u00e0 comunidade do Semin\u00e1rio Interprovincial da Espanha.<\/p>\n\n\n\n<p>Entre os presentes estavam:<\/p>\n\n\n\n<p>Uma mensagem afetuosa e pr\u00f3xima da <strong>Irm\u00e3 Fran\u00e7oise Petit<\/strong>, Superiora Geral<\/p>\n\n\n\n<p><strong>Irm\u00e3 Visitaci\u00f3n Garc\u00eda<\/strong>, Visitadora da Prov\u00edncia da Espanha Norte e Coordenadora das Prov\u00edncias da Espanha<\/p>\n\n\n\n<p><strong>Irm\u00e3 Maria Rosaria Matranga<\/strong>, Visitadora da Prov\u00edncia da It\u00e1lia<\/p>\n\n\n\n<p>Conselheiras Provinciais, Secret\u00e1ria e Tesoureira<\/p>\n\n\n\n<p><strong>Irm\u00e3 Luisa Farri<\/strong> e <strong>Irm\u00e3 Antonia Gonz\u00e1lez<\/strong>, Conselheiras Gerais, cuja presen\u00e7a simbolizou o apoio de toda a Companhia<\/p>\n\n\n\n<figure class=\"wp-block-image size-large\"><img loading=\"lazy\" decoding=\"async\" width=\"1024\" height=\"768\" src=\"https:\/\/filles-de-la-charite.org\/wp-content\/uploads\/2025\/11\/5-1024x768.jpg\" alt=\"\" class=\"wp-image-47594\" srcset=\"https:\/\/filles-de-la-charite.org\/wp-content\/uploads\/2025\/11\/5-1024x768.jpg 1024w, https:\/\/filles-de-la-charite.org\/wp-content\/uploads\/2025\/11\/5-980x735.jpg 980w, https:\/\/filles-de-la-charite.org\/wp-content\/uploads\/2025\/11\/5-480x360.jpg 480w\" sizes=\"(min-width: 0px) and (max-width: 480px) 480px, (min-width: 481px) and (max-width: 980px) 980px, (min-width: 981px) 1024px, 100vw\" \/><\/figure>\n\n\n\n<p><strong>Renova\u00e7\u00e3o vocacional<\/strong><\/p>\n\n\n\n<p>A celebra\u00e7\u00e3o tamb\u00e9m foi marcada pelo in\u00edcio do postulantado de <strong>Elena Follini<\/strong>, sinal da abund\u00e2ncia dos dons de Deus. O evento tornou-se uma verdadeira festa vocacional, compartilhada com v\u00e1rias jovens em processo de discernimento.<\/p>\n\n\n\n<p>Na v\u00e9spera, houve um momento de prepara\u00e7\u00e3o espiritual conduzido pelo <strong>Pe. Nicola Albanesi, CM<\/strong>, com medita\u00e7\u00e3o sobre a santidade. Ele destacou que o dom de si \u00e9 o caminho que nos torna receptivos \u00e0 gra\u00e7a e guardi\u00f5es do Esp\u00edrito. O testemunho vocacional de Elena, a adora\u00e7\u00e3o e a ora\u00e7\u00e3o vocacional criaram um ambiente de escuta e gratid\u00e3o.<\/p>\n\n\n\n<figure class=\"wp-block-image size-large\"><img loading=\"lazy\" decoding=\"async\" width=\"1024\" height=\"576\" src=\"https:\/\/filles-de-la-charite.org\/wp-content\/uploads\/2025\/11\/2-1024x576.jpg\" alt=\"\" class=\"wp-image-47590\" srcset=\"https:\/\/filles-de-la-charite.org\/wp-content\/uploads\/2025\/11\/2-980x551.jpg 980w, https:\/\/filles-de-la-charite.org\/wp-content\/uploads\/2025\/11\/2-480x270.jpg 480w\" sizes=\"(min-width: 0px) and (max-width: 480px) 480px, (min-width: 481px) and (max-width: 980px) 980px, (min-width: 981px) 1024px, 100vw\" \/><\/figure>\n\n\n\n<p><\/p>\n\n\n\n<p><strong>Simplicidade, alegria e comunh\u00e3o<\/strong><\/p>\n\n\n\n<p>Os dias foram vividos com esp\u00edrito de fraternidade, simplicidade e alegria. As diferen\u00e7as de idioma n\u00e3o foram barreiras, mas riquezas que fortaleceram o senso de comunidade. A celebra\u00e7\u00e3o culminou com um almo\u00e7o festivo, express\u00e3o da alegria compartilhada e da gratid\u00e3o pelo que o Senhor realiza entre n\u00f3s.<\/p>\n\n\n\n<figure class=\"wp-block-image size-large\"><img loading=\"lazy\" decoding=\"async\" width=\"1024\" height=\"768\" src=\"https:\/\/filles-de-la-charite.org\/wp-content\/uploads\/2025\/11\/4-1024x768.jpg\" alt=\"\" class=\"wp-image-47592\" srcset=\"https:\/\/filles-de-la-charite.org\/wp-content\/uploads\/2025\/11\/4-1024x768.jpg 1024w, https:\/\/filles-de-la-charite.org\/wp-content\/uploads\/2025\/11\/4-980x735.jpg 980w, https:\/\/filles-de-la-charite.org\/wp-content\/uploads\/2025\/11\/4-480x360.jpg 480w\" sizes=\"(min-width: 0px) and (max-width: 480px) 480px, (min-width: 481px) and (max-width: 980px) 980px, (min-width: 981px) 1024px, 100vw\" \/><\/figure>\n\n\n\n<p><strong>Esperan\u00e7a para o futuro<\/strong><\/p>\n\n\n\n<p>Com confian\u00e7a, entregamos ao Senhor este novo caminho interprovincial, na esperan\u00e7a de que produza frutos de comunh\u00e3o, esperan\u00e7a e renovada vitalidade vocacional para toda a Companhia.<\/p>\n","protected":false},"excerpt":{"rendered":"<p>Na Solenidade de Todos os Santos, dia que celebramos aqueles que viveram plenamente o amor de Cristo, a Companhia das Filhas da Caridade viveu um momento de profunda gra\u00e7a e esperan\u00e7a: a admiss\u00e3o da Irm\u00e3 Piergrazia Licandro. Um sinal de unidade al\u00e9m das fronteiras Com a entrada de Irm\u00e3 Piergrazia, a Prov\u00edncia de S\u00e3o Vicente [&hellip;]<\/p>\n","protected":false},"author":5,"featured_media":47613,"comment_status":"closed","ping_status":"closed","sticky":false,"template":"","format":"standard","meta":{"_acf_changed":false,"_et_pb_use_builder":"","_et_pb_old_content":"","_et_gb_content_width":"","footnotes":"","_links_to":"","_links_to_target":""},"categories":[768,826],"tags":[],"class_list":["post-47602","post","type-post","status-publish","format-standard","has-post-thumbnail","hentry","category-espana-pt-pt","category-italia-pt-pt"],"acf":[],"yoast_head":"<!-- This site is optimized with the Yoast SEO plugin v27.5 - https:\/\/yoast.com\/product\/yoast-seo-wordpress\/ -->\n<title>Um novo caminho de comunh\u00e3o: admiss\u00e3o na Companhia das Filhas da Caridade da Irm\u00e3 Piergrazia Licandro - Filles de la Charit\u00e9<\/title>\n<meta name=\"robots\" content=\"index, follow, max-snippet:-1, max-image-preview:large, max-video-preview:-1\" \/>\n<link rel=\"canonical\" href=\"https:\/\/filles-de-la-charite.org\/pt-pt\/un-nuevo-camino-de-comunion-la-admision-de-sor-piergrazia-licandro-en-la-compania-de-las-hijas-de-la-caridad\/\" \/>\n<meta property=\"og:locale\" content=\"pt_PT\" \/>\n<meta property=\"og:type\" content=\"article\" \/>\n<meta property=\"og:title\" content=\"Um novo caminho de comunh\u00e3o: admiss\u00e3o na Companhia das Filhas da Caridade da Irm\u00e3 Piergrazia Licandro - Filles de la Charit\u00e9\" \/>\n<meta property=\"og:description\" content=\"Na Solenidade de Todos os Santos, dia que celebramos aqueles que viveram plenamente o amor de Cristo, a Companhia das Filhas da Caridade viveu um momento de profunda gra\u00e7a e esperan\u00e7a: a admiss\u00e3o da Irm\u00e3 Piergrazia Licandro. Um sinal de unidade al\u00e9m das fronteiras Com a entrada de Irm\u00e3 Piergrazia, a Prov\u00edncia de S\u00e3o Vicente [&hellip;]\" \/>\n<meta property=\"og:url\" content=\"https:\/\/filles-de-la-charite.org\/pt-pt\/un-nuevo-camino-de-comunion-la-admision-de-sor-piergrazia-licandro-en-la-compania-de-las-hijas-de-la-caridad\/\" \/>\n<meta property=\"og:site_name\" content=\"Filles de la Charit\u00e9\" \/>\n<meta property=\"article:published_time\" content=\"2025-11-08T23:12:56+00:00\" \/>\n<meta property=\"og:image\" content=\"https:\/\/filles-de-la-charite.org\/wp-content\/uploads\/2025\/11\/1-copia.jpg\" \/>\n\t<meta property=\"og:image:width\" content=\"1600\" \/>\n\t<meta property=\"og:image:height\" content=\"900\" \/>\n\t<meta property=\"og:image:type\" content=\"image\/jpeg\" \/>\n<meta name=\"author\" content=\"SOR MARTA\" \/>\n<meta name=\"twitter:card\" content=\"summary_large_image\" \/>\n<meta name=\"twitter:label1\" content=\"Escrito por\" \/>\n\t<meta name=\"twitter:data1\" content=\"SOR MARTA\" \/>\n\t<meta name=\"twitter:label2\" content=\"Tempo estimado de leitura\" \/>\n\t<meta name=\"twitter:data2\" content=\"3 minutos\" \/>\n<script type=\"application\/ld+json\" class=\"yoast-schema-graph\">{\"@context\":\"https:\\\/\\\/schema.org\",\"@graph\":[{\"@type\":\"Article\",\"@id\":\"https:\\\/\\\/filles-de-la-charite.org\\\/pt-pt\\\/un-nuevo-camino-de-comunion-la-admision-de-sor-piergrazia-licandro-en-la-compania-de-las-hijas-de-la-caridad\\\/#article\",\"isPartOf\":{\"@id\":\"https:\\\/\\\/filles-de-la-charite.org\\\/pt-pt\\\/un-nuevo-camino-de-comunion-la-admision-de-sor-piergrazia-licandro-en-la-compania-de-las-hijas-de-la-caridad\\\/\"},\"author\":{\"name\":\"SOR MARTA\",\"@id\":\"https:\\\/\\\/filles-de-la-charite.org\\\/pt-pt\\\/#\\\/schema\\\/person\\\/0c922b6ca71280639858d297b3a7209f\"},\"headline\":\"Um novo caminho de comunh\u00e3o: admiss\u00e3o na Companhia das Filhas da Caridade da Irm\u00e3 Piergrazia Licandro\",\"datePublished\":\"2025-11-08T23:12:56+00:00\",\"mainEntityOfPage\":{\"@id\":\"https:\\\/\\\/filles-de-la-charite.org\\\/pt-pt\\\/un-nuevo-camino-de-comunion-la-admision-de-sor-piergrazia-licandro-en-la-compania-de-las-hijas-de-la-caridad\\\/\"},\"wordCount\":477,\"publisher\":{\"@id\":\"https:\\\/\\\/filles-de-la-charite.org\\\/pt-pt\\\/#organization\"},\"image\":{\"@id\":\"https:\\\/\\\/filles-de-la-charite.org\\\/pt-pt\\\/un-nuevo-camino-de-comunion-la-admision-de-sor-piergrazia-licandro-en-la-compania-de-las-hijas-de-la-caridad\\\/#primaryimage\"},\"thumbnailUrl\":\"https:\\\/\\\/filles-de-la-charite.org\\\/wp-content\\\/uploads\\\/2025\\\/11\\\/1-copia.jpg\",\"articleSection\":[\"Espanha\",\"It\u00e1lia\"],\"inLanguage\":\"pt-PT\"},{\"@type\":\"WebPage\",\"@id\":\"https:\\\/\\\/filles-de-la-charite.org\\\/pt-pt\\\/un-nuevo-camino-de-comunion-la-admision-de-sor-piergrazia-licandro-en-la-compania-de-las-hijas-de-la-caridad\\\/\",\"url\":\"https:\\\/\\\/filles-de-la-charite.org\\\/pt-pt\\\/un-nuevo-camino-de-comunion-la-admision-de-sor-piergrazia-licandro-en-la-compania-de-las-hijas-de-la-caridad\\\/\",\"name\":\"Um novo caminho de comunh\u00e3o: admiss\u00e3o na Companhia das Filhas da Caridade da Irm\u00e3 Piergrazia Licandro - Filles de la Charit\u00e9\",\"isPartOf\":{\"@id\":\"https:\\\/\\\/filles-de-la-charite.org\\\/pt-pt\\\/#website\"},\"primaryImageOfPage\":{\"@id\":\"https:\\\/\\\/filles-de-la-charite.org\\\/pt-pt\\\/un-nuevo-camino-de-comunion-la-admision-de-sor-piergrazia-licandro-en-la-compania-de-las-hijas-de-la-caridad\\\/#primaryimage\"},\"image\":{\"@id\":\"https:\\\/\\\/filles-de-la-charite.org\\\/pt-pt\\\/un-nuevo-camino-de-comunion-la-admision-de-sor-piergrazia-licandro-en-la-compania-de-las-hijas-de-la-caridad\\\/#primaryimage\"},\"thumbnailUrl\":\"https:\\\/\\\/filles-de-la-charite.org\\\/wp-content\\\/uploads\\\/2025\\\/11\\\/1-copia.jpg\",\"datePublished\":\"2025-11-08T23:12:56+00:00\",\"breadcrumb\":{\"@id\":\"https:\\\/\\\/filles-de-la-charite.org\\\/pt-pt\\\/un-nuevo-camino-de-comunion-la-admision-de-sor-piergrazia-licandro-en-la-compania-de-las-hijas-de-la-caridad\\\/#breadcrumb\"},\"inLanguage\":\"pt-PT\",\"potentialAction\":[{\"@type\":\"ReadAction\",\"target\":[\"https:\\\/\\\/filles-de-la-charite.org\\\/pt-pt\\\/un-nuevo-camino-de-comunion-la-admision-de-sor-piergrazia-licandro-en-la-compania-de-las-hijas-de-la-caridad\\\/\"]}]},{\"@type\":\"ImageObject\",\"inLanguage\":\"pt-PT\",\"@id\":\"https:\\\/\\\/filles-de-la-charite.org\\\/pt-pt\\\/un-nuevo-camino-de-comunion-la-admision-de-sor-piergrazia-licandro-en-la-compania-de-las-hijas-de-la-caridad\\\/#primaryimage\",\"url\":\"https:\\\/\\\/filles-de-la-charite.org\\\/wp-content\\\/uploads\\\/2025\\\/11\\\/1-copia.jpg\",\"contentUrl\":\"https:\\\/\\\/filles-de-la-charite.org\\\/wp-content\\\/uploads\\\/2025\\\/11\\\/1-copia.jpg\",\"width\":1600,\"height\":900},{\"@type\":\"BreadcrumbList\",\"@id\":\"https:\\\/\\\/filles-de-la-charite.org\\\/pt-pt\\\/un-nuevo-camino-de-comunion-la-admision-de-sor-piergrazia-licandro-en-la-compania-de-las-hijas-de-la-caridad\\\/#breadcrumb\",\"itemListElement\":[{\"@type\":\"ListItem\",\"position\":1,\"name\":\"It\u00e1lia\",\"item\":\"https:\\\/\\\/filles-de-la-charite.org\\\/pt-pt\\\/category\\\/italia-pt-pt\\\/\"},{\"@type\":\"ListItem\",\"position\":2,\"name\":\"Um novo caminho de comunh\u00e3o: admiss\u00e3o na Companhia das Filhas da Caridade da Irm\u00e3 Piergrazia Licandro\"}]},{\"@type\":\"WebSite\",\"@id\":\"https:\\\/\\\/filles-de-la-charite.org\\\/pt-pt\\\/#website\",\"url\":\"https:\\\/\\\/filles-de-la-charite.org\\\/pt-pt\\\/\",\"name\":\"Hijas de la Caridad\",\"description\":\"L\u2019amour de J\u00e9sus nous presse \u00e0 prendre soin des personnes les plus d\u00e9munies\",\"publisher\":{\"@id\":\"https:\\\/\\\/filles-de-la-charite.org\\\/pt-pt\\\/#organization\"},\"potentialAction\":[{\"@type\":\"SearchAction\",\"target\":{\"@type\":\"EntryPoint\",\"urlTemplate\":\"https:\\\/\\\/filles-de-la-charite.org\\\/pt-pt\\\/?s={search_term_string}\"},\"query-input\":{\"@type\":\"PropertyValueSpecification\",\"valueRequired\":true,\"valueName\":\"search_term_string\"}}],\"inLanguage\":\"pt-PT\"},{\"@type\":\"Organization\",\"@id\":\"https:\\\/\\\/filles-de-la-charite.org\\\/pt-pt\\\/#organization\",\"name\":\"Hijas de la Caridad\",\"url\":\"https:\\\/\\\/filles-de-la-charite.org\\\/pt-pt\\\/\",\"logo\":{\"@type\":\"ImageObject\",\"inLanguage\":\"pt-PT\",\"@id\":\"https:\\\/\\\/filles-de-la-charite.org\\\/pt-pt\\\/#\\\/schema\\\/logo\\\/image\\\/\",\"url\":\"https:\\\/\\\/filles-de-la-charite.org\\\/wp-content\\\/uploads\\\/2023\\\/03\\\/isotipo-Hijas-de-la-Caridad.png\",\"contentUrl\":\"https:\\\/\\\/filles-de-la-charite.org\\\/wp-content\\\/uploads\\\/2023\\\/03\\\/isotipo-Hijas-de-la-Caridad.png\",\"width\":1417,\"height\":1417,\"caption\":\"Hijas de la Caridad\"},\"image\":{\"@id\":\"https:\\\/\\\/filles-de-la-charite.org\\\/pt-pt\\\/#\\\/schema\\\/logo\\\/image\\\/\"}},{\"@type\":\"Person\",\"@id\":\"https:\\\/\\\/filles-de-la-charite.org\\\/pt-pt\\\/#\\\/schema\\\/person\\\/0c922b6ca71280639858d297b3a7209f\",\"name\":\"SOR MARTA\",\"image\":{\"@type\":\"ImageObject\",\"inLanguage\":\"pt-PT\",\"@id\":\"https:\\\/\\\/secure.gravatar.com\\\/avatar\\\/d2c45b0fd6bf2d3e2670ab3d112257c24ac80fa960360bba1bdc0676485d1d09?s=96&d=mm&r=g\",\"url\":\"https:\\\/\\\/secure.gravatar.com\\\/avatar\\\/d2c45b0fd6bf2d3e2670ab3d112257c24ac80fa960360bba1bdc0676485d1d09?s=96&d=mm&r=g\",\"contentUrl\":\"https:\\\/\\\/secure.gravatar.com\\\/avatar\\\/d2c45b0fd6bf2d3e2670ab3d112257c24ac80fa960360bba1bdc0676485d1d09?s=96&d=mm&r=g\",\"caption\":\"SOR MARTA\"},\"url\":\"https:\\\/\\\/filles-de-la-charite.org\\\/pt-pt\\\/author\\\/martaemn\\\/\"}]}<\/script>\n<!-- \/ Yoast SEO plugin. -->","yoast_head_json":{"title":"Um novo caminho de comunh\u00e3o: admiss\u00e3o na Companhia das Filhas da Caridade da Irm\u00e3 Piergrazia Licandro - Filles de la Charit\u00e9","robots":{"index":"index","follow":"follow","max-snippet":"max-snippet:-1","max-image-preview":"max-image-preview:large","max-video-preview":"max-video-preview:-1"},"canonical":"https:\/\/filles-de-la-charite.org\/pt-pt\/un-nuevo-camino-de-comunion-la-admision-de-sor-piergrazia-licandro-en-la-compania-de-las-hijas-de-la-caridad\/","og_locale":"pt_PT","og_type":"article","og_title":"Um novo caminho de comunh\u00e3o: admiss\u00e3o na Companhia das Filhas da Caridade da Irm\u00e3 Piergrazia Licandro - Filles de la Charit\u00e9","og_description":"Na Solenidade de Todos os Santos, dia que celebramos aqueles que viveram plenamente o amor de Cristo, a Companhia das Filhas da Caridade viveu um momento de profunda gra\u00e7a e esperan\u00e7a: a admiss\u00e3o da Irm\u00e3 Piergrazia Licandro. Um sinal de unidade al\u00e9m das fronteiras Com a entrada de Irm\u00e3 Piergrazia, a Prov\u00edncia de S\u00e3o Vicente [&hellip;]","og_url":"https:\/\/filles-de-la-charite.org\/pt-pt\/un-nuevo-camino-de-comunion-la-admision-de-sor-piergrazia-licandro-en-la-compania-de-las-hijas-de-la-caridad\/","og_site_name":"Filles de la Charit\u00e9","article_published_time":"2025-11-08T23:12:56+00:00","og_image":[{"width":1600,"height":900,"url":"https:\/\/filles-de-la-charite.org\/wp-content\/uploads\/2025\/11\/1-copia.jpg","type":"image\/jpeg"}],"author":"SOR MARTA","twitter_card":"summary_large_image","twitter_misc":{"Escrito por":"SOR MARTA","Tempo estimado de leitura":"3 minutos"},"schema":{"@context":"https:\/\/schema.org","@graph":[{"@type":"Article","@id":"https:\/\/filles-de-la-charite.org\/pt-pt\/un-nuevo-camino-de-comunion-la-admision-de-sor-piergrazia-licandro-en-la-compania-de-las-hijas-de-la-caridad\/#article","isPartOf":{"@id":"https:\/\/filles-de-la-charite.org\/pt-pt\/un-nuevo-camino-de-comunion-la-admision-de-sor-piergrazia-licandro-en-la-compania-de-las-hijas-de-la-caridad\/"},"author":{"name":"SOR MARTA","@id":"https:\/\/filles-de-la-charite.org\/pt-pt\/#\/schema\/person\/0c922b6ca71280639858d297b3a7209f"},"headline":"Um novo caminho de comunh\u00e3o: admiss\u00e3o na Companhia das Filhas da Caridade da Irm\u00e3 Piergrazia Licandro","datePublished":"2025-11-08T23:12:56+00:00","mainEntityOfPage":{"@id":"https:\/\/filles-de-la-charite.org\/pt-pt\/un-nuevo-camino-de-comunion-la-admision-de-sor-piergrazia-licandro-en-la-compania-de-las-hijas-de-la-caridad\/"},"wordCount":477,"publisher":{"@id":"https:\/\/filles-de-la-charite.org\/pt-pt\/#organization"},"image":{"@id":"https:\/\/filles-de-la-charite.org\/pt-pt\/un-nuevo-camino-de-comunion-la-admision-de-sor-piergrazia-licandro-en-la-compania-de-las-hijas-de-la-caridad\/#primaryimage"},"thumbnailUrl":"https:\/\/filles-de-la-charite.org\/wp-content\/uploads\/2025\/11\/1-copia.jpg","articleSection":["Espanha","It\u00e1lia"],"inLanguage":"pt-PT"},{"@type":"WebPage","@id":"https:\/\/filles-de-la-charite.org\/pt-pt\/un-nuevo-camino-de-comunion-la-admision-de-sor-piergrazia-licandro-en-la-compania-de-las-hijas-de-la-caridad\/","url":"https:\/\/filles-de-la-charite.org\/pt-pt\/un-nuevo-camino-de-comunion-la-admision-de-sor-piergrazia-licandro-en-la-compania-de-las-hijas-de-la-caridad\/","name":"Um novo caminho de comunh\u00e3o: admiss\u00e3o na Companhia das Filhas da Caridade da Irm\u00e3 Piergrazia Licandro - Filles de la Charit\u00e9","isPartOf":{"@id":"https:\/\/filles-de-la-charite.org\/pt-pt\/#website"},"primaryImageOfPage":{"@id":"https:\/\/filles-de-la-charite.org\/pt-pt\/un-nuevo-camino-de-comunion-la-admision-de-sor-piergrazia-licandro-en-la-compania-de-las-hijas-de-la-caridad\/#primaryimage"},"image":{"@id":"https:\/\/filles-de-la-charite.org\/pt-pt\/un-nuevo-camino-de-comunion-la-admision-de-sor-piergrazia-licandro-en-la-compania-de-las-hijas-de-la-caridad\/#primaryimage"},"thumbnailUrl":"https:\/\/filles-de-la-charite.org\/wp-content\/uploads\/2025\/11\/1-copia.jpg","datePublished":"2025-11-08T23:12:56+00:00","breadcrumb":{"@id":"https:\/\/filles-de-la-charite.org\/pt-pt\/un-nuevo-camino-de-comunion-la-admision-de-sor-piergrazia-licandro-en-la-compania-de-las-hijas-de-la-caridad\/#breadcrumb"},"inLanguage":"pt-PT","potentialAction":[{"@type":"ReadAction","target":["https:\/\/filles-de-la-charite.org\/pt-pt\/un-nuevo-camino-de-comunion-la-admision-de-sor-piergrazia-licandro-en-la-compania-de-las-hijas-de-la-caridad\/"]}]},{"@type":"ImageObject","inLanguage":"pt-PT","@id":"https:\/\/filles-de-la-charite.org\/pt-pt\/un-nuevo-camino-de-comunion-la-admision-de-sor-piergrazia-licandro-en-la-compania-de-las-hijas-de-la-caridad\/#primaryimage","url":"https:\/\/filles-de-la-charite.org\/wp-content\/uploads\/2025\/11\/1-copia.jpg","contentUrl":"https:\/\/filles-de-la-charite.org\/wp-content\/uploads\/2025\/11\/1-copia.jpg","width":1600,"height":900},{"@type":"BreadcrumbList","@id":"https:\/\/filles-de-la-charite.org\/pt-pt\/un-nuevo-camino-de-comunion-la-admision-de-sor-piergrazia-licandro-en-la-compania-de-las-hijas-de-la-caridad\/#breadcrumb","itemListElement":[{"@type":"ListItem","position":1,"name":"It\u00e1lia","item":"https:\/\/filles-de-la-charite.org\/pt-pt\/category\/italia-pt-pt\/"},{"@type":"ListItem","position":2,"name":"Um novo caminho de comunh\u00e3o: admiss\u00e3o na Companhia das Filhas da Caridade da Irm\u00e3 Piergrazia Licandro"}]},{"@type":"WebSite","@id":"https:\/\/filles-de-la-charite.org\/pt-pt\/#website","url":"https:\/\/filles-de-la-charite.org\/pt-pt\/","name":"Hijas de la Caridad","description":"L\u2019amour de J\u00e9sus nous presse \u00e0 prendre soin des personnes les plus d\u00e9munies","publisher":{"@id":"https:\/\/filles-de-la-charite.org\/pt-pt\/#organization"},"potentialAction":[{"@type":"SearchAction","target":{"@type":"EntryPoint","urlTemplate":"https:\/\/filles-de-la-charite.org\/pt-pt\/?s={search_term_string}"},"query-input":{"@type":"PropertyValueSpecification","valueRequired":true,"valueName":"search_term_string"}}],"inLanguage":"pt-PT"},{"@type":"Organization","@id":"https:\/\/filles-de-la-charite.org\/pt-pt\/#organization","name":"Hijas de la Caridad","url":"https:\/\/filles-de-la-charite.org\/pt-pt\/","logo":{"@type":"ImageObject","inLanguage":"pt-PT","@id":"https:\/\/filles-de-la-charite.org\/pt-pt\/#\/schema\/logo\/image\/","url":"https:\/\/filles-de-la-charite.org\/wp-content\/uploads\/2023\/03\/isotipo-Hijas-de-la-Caridad.png","contentUrl":"https:\/\/filles-de-la-charite.org\/wp-content\/uploads\/2023\/03\/isotipo-Hijas-de-la-Caridad.png","width":1417,"height":1417,"caption":"Hijas de la Caridad"},"image":{"@id":"https:\/\/filles-de-la-charite.org\/pt-pt\/#\/schema\/logo\/image\/"}},{"@type":"Person","@id":"https:\/\/filles-de-la-charite.org\/pt-pt\/#\/schema\/person\/0c922b6ca71280639858d297b3a7209f","name":"SOR MARTA","image":{"@type":"ImageObject","inLanguage":"pt-PT","@id":"https:\/\/secure.gravatar.com\/avatar\/d2c45b0fd6bf2d3e2670ab3d112257c24ac80fa960360bba1bdc0676485d1d09?s=96&d=mm&r=g","url":"https:\/\/secure.gravatar.com\/avatar\/d2c45b0fd6bf2d3e2670ab3d112257c24ac80fa960360bba1bdc0676485d1d09?s=96&d=mm&r=g","contentUrl":"https:\/\/secure.gravatar.com\/avatar\/d2c45b0fd6bf2d3e2670ab3d112257c24ac80fa960360bba1bdc0676485d1d09?s=96&d=mm&r=g","caption":"SOR MARTA"},"url":"https:\/\/filles-de-la-charite.org\/pt-pt\/author\/martaemn\/"}]}},"_links":{"self":[{"href":"https:\/\/filles-de-la-charite.org\/pt-pt\/wp-json\/wp\/v2\/posts\/47602","targetHints":{"allow":["GET"]}}],"collection":[{"href":"https:\/\/filles-de-la-charite.org\/pt-pt\/wp-json\/wp\/v2\/posts"}],"about":[{"href":"https:\/\/filles-de-la-charite.org\/pt-pt\/wp-json\/wp\/v2\/types\/post"}],"author":[{"embeddable":true,"href":"https:\/\/filles-de-la-charite.org\/pt-pt\/wp-json\/wp\/v2\/users\/5"}],"replies":[{"embeddable":true,"href":"https:\/\/filles-de-la-charite.org\/pt-pt\/wp-json\/wp\/v2\/comments?post=47602"}],"version-history":[{"count":2,"href":"https:\/\/filles-de-la-charite.org\/pt-pt\/wp-json\/wp\/v2\/posts\/47602\/revisions"}],"predecessor-version":[{"id":47631,"href":"https:\/\/filles-de-la-charite.org\/pt-pt\/wp-json\/wp\/v2\/posts\/47602\/revisions\/47631"}],"wp:featuredmedia":[{"embeddable":true,"href":"https:\/\/filles-de-la-charite.org\/pt-pt\/wp-json\/wp\/v2\/media\/47613"}],"wp:attachment":[{"href":"https:\/\/filles-de-la-charite.org\/pt-pt\/wp-json\/wp\/v2\/media?parent=47602"}],"wp:term":[{"taxonomy":"category","embeddable":true,"href":"https:\/\/filles-de-la-charite.org\/pt-pt\/wp-json\/wp\/v2\/categories?post=47602"},{"taxonomy":"post_tag","embeddable":true,"href":"https:\/\/filles-de-la-charite.org\/pt-pt\/wp-json\/wp\/v2\/tags?post=47602"}],"curies":[{"name":"wp","href":"https:\/\/api.w.org\/{rel}","templated":true}]}}