{"id":47723,"date":"2025-11-13T12:24:37","date_gmt":"2025-11-13T11:24:37","guid":{"rendered":"https:\/\/filles-de-la-charite.org\/?p=47723"},"modified":"2025-11-29T22:51:39","modified_gmt":"2025-11-29T21:51:39","slug":"amazonia-tierra-de-esperanza-y-encuentro-vicenciano","status":"publish","type":"post","link":"https:\/\/filles-de-la-charite.org\/pt-pt\/amazonia-tierra-de-esperanza-y-encuentro-vicenciano\/","title":{"rendered":"Amaz\u00f4nia: Terra de Esperan\u00e7a e Encontro Vicentino"},"content":{"rendered":"\n<p><strong>A visita da Superiora Geral e do Diretor Geral das Filhas da Caridade durante o C\u00edrio de Nazar\u00e9 2025<\/strong><\/p>\n\n\n\n<figure class=\"wp-block-image size-large\"><img loading=\"lazy\" decoding=\"async\" width=\"1024\" height=\"576\" src=\"https:\/\/filles-de-la-charite.org\/wp-content\/uploads\/2025\/11\/WhatsApp-Image-2025-11-10-at-01.26.27-3-1024x576.jpeg\" alt=\"\" class=\"wp-image-47703\" srcset=\"https:\/\/filles-de-la-charite.org\/wp-content\/uploads\/2025\/11\/WhatsApp-Image-2025-11-10-at-01.26.27-3-980x551.jpeg 980w, https:\/\/filles-de-la-charite.org\/wp-content\/uploads\/2025\/11\/WhatsApp-Image-2025-11-10-at-01.26.27-3-480x270.jpeg 480w\" sizes=\"(min-width: 0px) and (max-width: 480px) 480px, (min-width: 481px) and (max-width: 980px) 980px, (min-width: 981px) 1024px, 100vw\" \/><\/figure>\n\n\n\n<p>Em outubro de 2025, Bel\u00e9m do Par\u00e1, porta de entrada da Amaz\u00f4nia brasileira, tornou-se palco de um encontro profundamente simb\u00f3lico entre carisma vicentino e espiritualidade popular. Durante as celebra\u00e7\u00f5es do C\u00edrio de Nazar\u00e9 &#8211; uma das maiores manifesta\u00e7\u00f5es marianas do mundo &#8211; a Superiora Geral das Filhas da Caridade de S\u00e3o Vicente de Paulo, Irm\u00e3 Fran\u00e7oise Petit, e o Diretor Geral, Padre Jos\u00e9 Antonio Gonz\u00e1lez Prieto, CM, visitaram a Prov\u00edncia da Amaz\u00f4nia, trazendo consigo uma mensagem de paz, escuta e esperan\u00e7a.<\/p>\n\n\n\n<h3 class=\"wp-block-heading\"><strong>Uma presen\u00e7a que consola e inspira<\/strong><\/h3>\n\n\n\n<p>Entre os dias 9 e 14 de outubro, Irm\u00e3 Fran\u00e7oise mergulhou na alma amaz\u00f4nica. Visitou comunidades ribeirinhas, conheceu projetos sociais como <strong>\u201cA\u00e7\u00e3o Partilha\u201d e \u201cDo Lixo ao Luxo\u201d,<\/strong> e participou das romarias do C\u00edrio com o povo paraense. Sua presen\u00e7a discreta e fraterna revelou o cora\u00e7\u00e3o do carisma vicentino: estar junto, escutar, servir com ternura e amar os pobres.<\/p>\n\n\n\n<p>Na Romaria Fluvial, embarca\u00e7\u00f5es decoradas com flores e c\u00e2nticos transformaram o rio em um santu\u00e1rio em movimento. A imagem de Nossa Senhora de Nazar\u00e9 avan\u00e7ava pelas \u00e1guas da Ba\u00eda do Guajar\u00e1, acompanhada por milhares de fi\u00e9is. Era como se Maria caminhasse sobre as \u00e1guas da Amaz\u00f4nia, aben\u00e7oando seu povo com esperan\u00e7a.<\/p>\n\n\n\n<figure class=\"wp-block-image size-large\"><img loading=\"lazy\" decoding=\"async\" width=\"1024\" height=\"768\" src=\"https:\/\/filles-de-la-charite.org\/wp-content\/uploads\/2025\/11\/WhatsApp-Image-2025-11-10-at-01.26.27-2-1024x768.jpeg\" alt=\"\" class=\"wp-image-47702\" srcset=\"https:\/\/filles-de-la-charite.org\/wp-content\/uploads\/2025\/11\/WhatsApp-Image-2025-11-10-at-01.26.27-2-1024x768.jpeg 1024w, https:\/\/filles-de-la-charite.org\/wp-content\/uploads\/2025\/11\/WhatsApp-Image-2025-11-10-at-01.26.27-2-980x735.jpeg 980w, https:\/\/filles-de-la-charite.org\/wp-content\/uploads\/2025\/11\/WhatsApp-Image-2025-11-10-at-01.26.27-2-480x360.jpeg 480w\" sizes=\"(min-width: 0px) and (max-width: 480px) 480px, (min-width: 481px) and (max-width: 980px) 980px, (min-width: 981px) 1024px, 100vw\" \/><\/figure>\n\n\n\n<h2 class=\"wp-block-heading\"><strong>A espiritualidade que nasce da terra<\/strong><\/h2>\n\n\n\n<p>Durante sua estadia, Irm\u00e3 Fran\u00e7oise encantou-se com a cultura local, provou sabores t\u00edpicos como o pato no tucupi, o a\u00e7a\u00ed e o peixe fresco dos rios, dan\u00e7ou ao som do carimb\u00f3 e aprendeu a can\u00e7\u00e3o popular \u201cNaza, Nazarezinha, Nazar\u00e9 Rainha&#8230;\u201d, cantada com entusiasmo pelo povo. Cada gesto foi express\u00e3o de comunh\u00e3o e respeito pela identidade amaz\u00f4nica.<\/p>\n\n\n\n<p>A f\u00e9 na Amaz\u00f4nia tem cheiro de terra molhada e se manifesta nas ruas, mercados, casas e margens dos rios. \u00c9 uma espiritualidade encarnada, feita de gestos simples e acolhedores, que reflete o modo como as Filhas da Caridade vivem sua voca\u00e7\u00e3o h\u00e1 mais de 90 anos na regi\u00e3o.<\/p>\n\n\n\n<figure class=\"wp-block-image size-large\"><img loading=\"lazy\" decoding=\"async\" width=\"768\" height=\"1024\" src=\"https:\/\/filles-de-la-charite.org\/wp-content\/uploads\/2025\/11\/WhatsApp-Image-2025-11-10-at-01.26.27-768x1024.jpeg\" alt=\"\" class=\"wp-image-47704\"\/><\/figure>\n\n\n\n<h2 class=\"wp-block-heading\"><strong>Um chamado \u00e0 ecologia integral e \u00e0 fraternidade<\/strong><\/h2>\n\n\n\n<p>Inspirada pela <em>Laudato Si\u2019<\/em> do Papa Francisco, a visita refor\u00e7ou a conex\u00e3o entre o cuidado com os pobres e com a Casa Comum. O tema do C\u00edrio de 2025, \u201cMaria, M\u00e3e e Rainha de toda a cria\u00e7\u00e3o\u201d, ecoou esse apelo \u00e0 responsabilidade coletiva pelo futuro da Terra.<\/p>\n\n\n\n<p>Em um gesto de profunda emo\u00e7\u00e3o, Irm\u00e3 Fran\u00e7oise consagrou toda a Companhia \u00e0 \u201cSenhora da Berlinda\u201d, repetindo o gesto de Santa Lu\u00edsa de Marillac em Chartres. Sua visita, durante o Ano Santo Jubilar da Esperan\u00e7a, foi um testemunho vivo de f\u00e9 resiliente, esperan\u00e7a concreta e caridade que n\u00e3o se cansa de servir.<\/p>\n\n\n\n<figure class=\"wp-block-image size-large\"><img loading=\"lazy\" decoding=\"async\" width=\"768\" height=\"1024\" src=\"https:\/\/filles-de-la-charite.org\/wp-content\/uploads\/2025\/11\/WhatsApp-Image-2025-11-10-at-01.26.27-1-768x1024.jpeg\" alt=\"\" class=\"wp-image-47701\"\/><\/figure>\n\n\n\n<h2 class=\"wp-block-heading\"><strong>Uma visita que se prolonga em comunh\u00e3o<\/strong><\/h2>\n\n\n\n<p>Nos dias 20 e 21 de outubro, enquanto Bel\u00e9m ainda vibrava com a f\u00e9 do C\u00edrio, a cidade recebeu outra visita de profundo significado espiritual: o Diretor Geral da Companhia, Padre Jos\u00e9 Ant\u00f4nio Gonz\u00e1lez Prieto, CM, que participou da Quinzena Nazarena \u2014 tempo de intensa viv\u00eancia religiosa e partilha fraterna.<\/p>\n\n\n\n<p>Padre Jos\u00e9 Ant\u00f4nio encontrou-se com as Irm\u00e3s que atuam com dedica\u00e7\u00e3o silenciosa nas margens dos rios e periferias. Encantado com a biodiversidade e beleza natural da Amaz\u00f4nia, reconheceu nela um evangelho vivo: cada \u00e1rvore, cada rio, cada rosto humano revela a presen\u00e7a criadora e amorosa de Deus.<\/p>\n\n\n\n<p>Inspirado pelo tema da Assembleia da Companhia, \u201cArtes\u00e3s da paz e da esperan\u00e7a\u201d, destacou o papel das Irm\u00e3s como testemunhas de reconcilia\u00e7\u00e3o num mundo ferido por divis\u00f5es. Suas palavras tocaram profundamente as comunidades, confirmando voca\u00e7\u00f5es e encorajando a viv\u00eancia da fraternidade com alegria e gratid\u00e3o.<\/p>\n\n\n\n<figure class=\"wp-block-image size-large\"><img loading=\"lazy\" decoding=\"async\" width=\"1024\" height=\"768\" src=\"https:\/\/filles-de-la-charite.org\/wp-content\/uploads\/2025\/11\/WhatsApp-Image-2025-11-10-at-01.26.26-1024x768.jpeg\" alt=\"\" class=\"wp-image-47700\" srcset=\"https:\/\/filles-de-la-charite.org\/wp-content\/uploads\/2025\/11\/WhatsApp-Image-2025-11-10-at-01.26.26-980x735.jpeg 980w, https:\/\/filles-de-la-charite.org\/wp-content\/uploads\/2025\/11\/WhatsApp-Image-2025-11-10-at-01.26.26-480x360.jpeg 480w\" sizes=\"(min-width: 0px) and (max-width: 480px) 480px, (min-width: 481px) and (max-width: 980px) 980px, (min-width: 981px) 1024px, 100vw\" \/><\/figure>\n\n\n\n<h2 class=\"wp-block-heading\"><strong>Um testemunho para o mundo<\/strong><\/h2>\n\n\n\n<p>A passagem da Superiora Geral e do Diretor Geral por Bel\u00e9m do Par\u00e1 ficar\u00e1 marcada como um gesto prof\u00e9tico de comunh\u00e3o universal. Em tempos de crise ambiental, desigualdade e conflitos, a Amaz\u00f4nia se ergue como sinal de que a esperan\u00e7a \u00e9 poss\u00edvel. A f\u00e9 que sorri mesmo cansada, a caridade que n\u00e3o se cansa de servir, e a espiritualidade que canta entre rios e mercados, revelam que Deus caminha conosco.<\/p>\n\n\n\n<p>Que o C\u00edrio continue sendo luz para o mundo, um lembrete de que a paz come\u00e7a quando aprendemos a nos aproximar uns dos outros com amor. Entre o perfume do incenso e o aroma do tucupi, entre o canto das prociss\u00f5es e o murm\u00fario dos rios, ficou gravada uma certeza: a paz e a esperan\u00e7a continuam sendo poss\u00edveis quando s\u00e3o artesanalmente tecidas com f\u00e9, amor e proximidade.<\/p>\n\n\n\n<figure class=\"wp-block-image size-large\"><img loading=\"lazy\" decoding=\"async\" width=\"576\" height=\"1024\" src=\"https:\/\/filles-de-la-charite.org\/wp-content\/uploads\/2025\/11\/WhatsApp-Image-2025-11-10-at-01.26.26-1-576x1024.jpeg\" alt=\"\" class=\"wp-image-47699\" srcset=\"https:\/\/filles-de-la-charite.org\/wp-content\/uploads\/2025\/11\/WhatsApp-Image-2025-11-10-at-01.26.26-1-576x1024.jpeg 576w, https:\/\/filles-de-la-charite.org\/wp-content\/uploads\/2025\/11\/WhatsApp-Image-2025-11-10-at-01.26.26-1-480x853.jpeg 480w\" sizes=\"(min-width: 0px) and (max-width: 480px) 480px, (min-width: 481px) 576px, 100vw\" \/><\/figure>\n\n\n\n<p><strong>Obrigada, Senhor, por estas visitas t\u00e3o cheias de fraternidade e esperan\u00e7a, que indicam as delicadas car\u00edcias divinas para conosco, que pertencemos a este solo sagrado da Amaz\u00f4nia. Deus seja louvado!<\/strong><\/p>\n\n\n\n<p><em>Ir. Maria Rejiane da Mata Dias, FC<\/em><br><em>Ir. Anagilsa Sampaio Bentes, FC<\/em><em><br><\/em><\/p>\n","protected":false},"excerpt":{"rendered":"<p>A visita da Superiora Geral e do Diretor Geral das Filhas da Caridade durante o C\u00edrio de Nazar\u00e9 2025 Em outubro de 2025, Bel\u00e9m do Par\u00e1, porta de entrada da Amaz\u00f4nia brasileira, tornou-se palco de um encontro profundamente simb\u00f3lico entre carisma vicentino e espiritualidade popular. Durante as celebra\u00e7\u00f5es do C\u00edrio de Nazar\u00e9 &#8211; uma das [&hellip;]<\/p>\n","protected":false},"author":5,"featured_media":48030,"comment_status":"closed","ping_status":"closed","sticky":false,"template":"","format":"standard","meta":{"_acf_changed":false,"_et_pb_use_builder":"","_et_pb_old_content":"","_et_gb_content_width":"","footnotes":"","_links_to":"","_links_to_target":""},"categories":[887],"tags":[],"class_list":["post-47723","post","type-post","status-publish","format-standard","has-post-thumbnail","hentry","category-amazonia-pt-pt"],"acf":[],"yoast_head":"<!-- This site is optimized with the Yoast SEO plugin v27.5 - https:\/\/yoast.com\/product\/yoast-seo-wordpress\/ -->\n<title>Amaz\u00f4nia: Terra de Esperan\u00e7a e Encontro Vicentino - Filles de la Charit\u00e9<\/title>\n<meta name=\"robots\" content=\"index, follow, max-snippet:-1, max-image-preview:large, max-video-preview:-1\" \/>\n<link rel=\"canonical\" href=\"https:\/\/filles-de-la-charite.org\/pt-pt\/amazonia-tierra-de-esperanza-y-encuentro-vicenciano\/\" \/>\n<meta property=\"og:locale\" content=\"pt_PT\" \/>\n<meta property=\"og:type\" content=\"article\" \/>\n<meta property=\"og:title\" content=\"Amaz\u00f4nia: Terra de Esperan\u00e7a e Encontro Vicentino - Filles de la Charit\u00e9\" \/>\n<meta property=\"og:description\" content=\"A visita da Superiora Geral e do Diretor Geral das Filhas da Caridade durante o C\u00edrio de Nazar\u00e9 2025 Em outubro de 2025, Bel\u00e9m do Par\u00e1, porta de entrada da Amaz\u00f4nia brasileira, tornou-se palco de um encontro profundamente simb\u00f3lico entre carisma vicentino e espiritualidade popular. Durante as celebra\u00e7\u00f5es do C\u00edrio de Nazar\u00e9 &#8211; uma das [&hellip;]\" \/>\n<meta property=\"og:url\" content=\"https:\/\/filles-de-la-charite.org\/pt-pt\/amazonia-tierra-de-esperanza-y-encuentro-vicenciano\/\" \/>\n<meta property=\"og:site_name\" content=\"Filles de la Charit\u00e9\" \/>\n<meta property=\"article:published_time\" content=\"2025-11-13T11:24:37+00:00\" \/>\n<meta property=\"article:modified_time\" content=\"2025-11-29T21:51:39+00:00\" \/>\n<meta property=\"og:image\" content=\"https:\/\/filles-de-la-charite.org\/wp-content\/uploads\/2025\/11\/WhatsApp-Image-2025-11-10-at-01.26.27-3-2.jpeg\" \/>\n\t<meta property=\"og:image:width\" content=\"1600\" \/>\n\t<meta property=\"og:image:height\" content=\"900\" \/>\n\t<meta property=\"og:image:type\" content=\"image\/jpeg\" \/>\n<meta name=\"author\" content=\"SOR MARTA\" \/>\n<meta name=\"twitter:card\" content=\"summary_large_image\" \/>\n<meta name=\"twitter:label1\" content=\"Escrito por\" \/>\n\t<meta name=\"twitter:data1\" content=\"SOR MARTA\" \/>\n\t<meta name=\"twitter:label2\" content=\"Tempo estimado de leitura\" \/>\n\t<meta name=\"twitter:data2\" content=\"5 minutos\" \/>\n<script type=\"application\/ld+json\" class=\"yoast-schema-graph\">{\"@context\":\"https:\\\/\\\/schema.org\",\"@graph\":[{\"@type\":\"Article\",\"@id\":\"https:\\\/\\\/filles-de-la-charite.org\\\/pt-pt\\\/amazonia-tierra-de-esperanza-y-encuentro-vicenciano\\\/#article\",\"isPartOf\":{\"@id\":\"https:\\\/\\\/filles-de-la-charite.org\\\/pt-pt\\\/amazonia-tierra-de-esperanza-y-encuentro-vicenciano\\\/\"},\"author\":{\"name\":\"SOR MARTA\",\"@id\":\"https:\\\/\\\/filles-de-la-charite.org\\\/pt-pt\\\/#\\\/schema\\\/person\\\/0c922b6ca71280639858d297b3a7209f\"},\"headline\":\"Amaz\u00f4nia: Terra de Esperan\u00e7a e Encontro Vicentino\",\"datePublished\":\"2025-11-13T11:24:37+00:00\",\"dateModified\":\"2025-11-29T21:51:39+00:00\",\"mainEntityOfPage\":{\"@id\":\"https:\\\/\\\/filles-de-la-charite.org\\\/pt-pt\\\/amazonia-tierra-de-esperanza-y-encuentro-vicenciano\\\/\"},\"wordCount\":849,\"publisher\":{\"@id\":\"https:\\\/\\\/filles-de-la-charite.org\\\/pt-pt\\\/#organization\"},\"image\":{\"@id\":\"https:\\\/\\\/filles-de-la-charite.org\\\/pt-pt\\\/amazonia-tierra-de-esperanza-y-encuentro-vicenciano\\\/#primaryimage\"},\"thumbnailUrl\":\"https:\\\/\\\/filles-de-la-charite.org\\\/wp-content\\\/uploads\\\/2025\\\/11\\\/WhatsApp-Image-2025-11-10-at-01.26.27-3-2.jpeg\",\"articleSection\":[\"Amaz\u00f4nia\"],\"inLanguage\":\"pt-PT\"},{\"@type\":\"WebPage\",\"@id\":\"https:\\\/\\\/filles-de-la-charite.org\\\/pt-pt\\\/amazonia-tierra-de-esperanza-y-encuentro-vicenciano\\\/\",\"url\":\"https:\\\/\\\/filles-de-la-charite.org\\\/pt-pt\\\/amazonia-tierra-de-esperanza-y-encuentro-vicenciano\\\/\",\"name\":\"Amaz\u00f4nia: Terra de Esperan\u00e7a e Encontro Vicentino - Filles de la Charit\u00e9\",\"isPartOf\":{\"@id\":\"https:\\\/\\\/filles-de-la-charite.org\\\/pt-pt\\\/#website\"},\"primaryImageOfPage\":{\"@id\":\"https:\\\/\\\/filles-de-la-charite.org\\\/pt-pt\\\/amazonia-tierra-de-esperanza-y-encuentro-vicenciano\\\/#primaryimage\"},\"image\":{\"@id\":\"https:\\\/\\\/filles-de-la-charite.org\\\/pt-pt\\\/amazonia-tierra-de-esperanza-y-encuentro-vicenciano\\\/#primaryimage\"},\"thumbnailUrl\":\"https:\\\/\\\/filles-de-la-charite.org\\\/wp-content\\\/uploads\\\/2025\\\/11\\\/WhatsApp-Image-2025-11-10-at-01.26.27-3-2.jpeg\",\"datePublished\":\"2025-11-13T11:24:37+00:00\",\"dateModified\":\"2025-11-29T21:51:39+00:00\",\"breadcrumb\":{\"@id\":\"https:\\\/\\\/filles-de-la-charite.org\\\/pt-pt\\\/amazonia-tierra-de-esperanza-y-encuentro-vicenciano\\\/#breadcrumb\"},\"inLanguage\":\"pt-PT\",\"potentialAction\":[{\"@type\":\"ReadAction\",\"target\":[\"https:\\\/\\\/filles-de-la-charite.org\\\/pt-pt\\\/amazonia-tierra-de-esperanza-y-encuentro-vicenciano\\\/\"]}]},{\"@type\":\"ImageObject\",\"inLanguage\":\"pt-PT\",\"@id\":\"https:\\\/\\\/filles-de-la-charite.org\\\/pt-pt\\\/amazonia-tierra-de-esperanza-y-encuentro-vicenciano\\\/#primaryimage\",\"url\":\"https:\\\/\\\/filles-de-la-charite.org\\\/wp-content\\\/uploads\\\/2025\\\/11\\\/WhatsApp-Image-2025-11-10-at-01.26.27-3-2.jpeg\",\"contentUrl\":\"https:\\\/\\\/filles-de-la-charite.org\\\/wp-content\\\/uploads\\\/2025\\\/11\\\/WhatsApp-Image-2025-11-10-at-01.26.27-3-2.jpeg\",\"width\":1600,\"height\":900},{\"@type\":\"BreadcrumbList\",\"@id\":\"https:\\\/\\\/filles-de-la-charite.org\\\/pt-pt\\\/amazonia-tierra-de-esperanza-y-encuentro-vicenciano\\\/#breadcrumb\",\"itemListElement\":[{\"@type\":\"ListItem\",\"position\":1,\"name\":\"Amaz\u00f4nia\",\"item\":\"https:\\\/\\\/filles-de-la-charite.org\\\/pt-pt\\\/category\\\/amazonia-pt-pt\\\/\"},{\"@type\":\"ListItem\",\"position\":2,\"name\":\"Amaz\u00f4nia: Terra de Esperan\u00e7a e Encontro Vicentino\"}]},{\"@type\":\"WebSite\",\"@id\":\"https:\\\/\\\/filles-de-la-charite.org\\\/pt-pt\\\/#website\",\"url\":\"https:\\\/\\\/filles-de-la-charite.org\\\/pt-pt\\\/\",\"name\":\"Hijas de la Caridad\",\"description\":\"L\u2019amour de J\u00e9sus nous presse \u00e0 prendre soin des personnes les plus d\u00e9munies\",\"publisher\":{\"@id\":\"https:\\\/\\\/filles-de-la-charite.org\\\/pt-pt\\\/#organization\"},\"potentialAction\":[{\"@type\":\"SearchAction\",\"target\":{\"@type\":\"EntryPoint\",\"urlTemplate\":\"https:\\\/\\\/filles-de-la-charite.org\\\/pt-pt\\\/?s={search_term_string}\"},\"query-input\":{\"@type\":\"PropertyValueSpecification\",\"valueRequired\":true,\"valueName\":\"search_term_string\"}}],\"inLanguage\":\"pt-PT\"},{\"@type\":\"Organization\",\"@id\":\"https:\\\/\\\/filles-de-la-charite.org\\\/pt-pt\\\/#organization\",\"name\":\"Hijas de la Caridad\",\"url\":\"https:\\\/\\\/filles-de-la-charite.org\\\/pt-pt\\\/\",\"logo\":{\"@type\":\"ImageObject\",\"inLanguage\":\"pt-PT\",\"@id\":\"https:\\\/\\\/filles-de-la-charite.org\\\/pt-pt\\\/#\\\/schema\\\/logo\\\/image\\\/\",\"url\":\"https:\\\/\\\/filles-de-la-charite.org\\\/wp-content\\\/uploads\\\/2023\\\/03\\\/isotipo-Hijas-de-la-Caridad.png\",\"contentUrl\":\"https:\\\/\\\/filles-de-la-charite.org\\\/wp-content\\\/uploads\\\/2023\\\/03\\\/isotipo-Hijas-de-la-Caridad.png\",\"width\":1417,\"height\":1417,\"caption\":\"Hijas de la Caridad\"},\"image\":{\"@id\":\"https:\\\/\\\/filles-de-la-charite.org\\\/pt-pt\\\/#\\\/schema\\\/logo\\\/image\\\/\"}},{\"@type\":\"Person\",\"@id\":\"https:\\\/\\\/filles-de-la-charite.org\\\/pt-pt\\\/#\\\/schema\\\/person\\\/0c922b6ca71280639858d297b3a7209f\",\"name\":\"SOR MARTA\",\"image\":{\"@type\":\"ImageObject\",\"inLanguage\":\"pt-PT\",\"@id\":\"https:\\\/\\\/secure.gravatar.com\\\/avatar\\\/d2c45b0fd6bf2d3e2670ab3d112257c24ac80fa960360bba1bdc0676485d1d09?s=96&d=mm&r=g\",\"url\":\"https:\\\/\\\/secure.gravatar.com\\\/avatar\\\/d2c45b0fd6bf2d3e2670ab3d112257c24ac80fa960360bba1bdc0676485d1d09?s=96&d=mm&r=g\",\"contentUrl\":\"https:\\\/\\\/secure.gravatar.com\\\/avatar\\\/d2c45b0fd6bf2d3e2670ab3d112257c24ac80fa960360bba1bdc0676485d1d09?s=96&d=mm&r=g\",\"caption\":\"SOR MARTA\"},\"url\":\"https:\\\/\\\/filles-de-la-charite.org\\\/pt-pt\\\/author\\\/martaemn\\\/\"}]}<\/script>\n<!-- \/ Yoast SEO plugin. -->","yoast_head_json":{"title":"Amaz\u00f4nia: Terra de Esperan\u00e7a e Encontro Vicentino - Filles de la Charit\u00e9","robots":{"index":"index","follow":"follow","max-snippet":"max-snippet:-1","max-image-preview":"max-image-preview:large","max-video-preview":"max-video-preview:-1"},"canonical":"https:\/\/filles-de-la-charite.org\/pt-pt\/amazonia-tierra-de-esperanza-y-encuentro-vicenciano\/","og_locale":"pt_PT","og_type":"article","og_title":"Amaz\u00f4nia: Terra de Esperan\u00e7a e Encontro Vicentino - Filles de la Charit\u00e9","og_description":"A visita da Superiora Geral e do Diretor Geral das Filhas da Caridade durante o C\u00edrio de Nazar\u00e9 2025 Em outubro de 2025, Bel\u00e9m do Par\u00e1, porta de entrada da Amaz\u00f4nia brasileira, tornou-se palco de um encontro profundamente simb\u00f3lico entre carisma vicentino e espiritualidade popular. Durante as celebra\u00e7\u00f5es do C\u00edrio de Nazar\u00e9 &#8211; uma das [&hellip;]","og_url":"https:\/\/filles-de-la-charite.org\/pt-pt\/amazonia-tierra-de-esperanza-y-encuentro-vicenciano\/","og_site_name":"Filles de la Charit\u00e9","article_published_time":"2025-11-13T11:24:37+00:00","article_modified_time":"2025-11-29T21:51:39+00:00","og_image":[{"width":1600,"height":900,"url":"https:\/\/filles-de-la-charite.org\/wp-content\/uploads\/2025\/11\/WhatsApp-Image-2025-11-10-at-01.26.27-3-2.jpeg","type":"image\/jpeg"}],"author":"SOR MARTA","twitter_card":"summary_large_image","twitter_misc":{"Escrito por":"SOR MARTA","Tempo estimado de leitura":"5 minutos"},"schema":{"@context":"https:\/\/schema.org","@graph":[{"@type":"Article","@id":"https:\/\/filles-de-la-charite.org\/pt-pt\/amazonia-tierra-de-esperanza-y-encuentro-vicenciano\/#article","isPartOf":{"@id":"https:\/\/filles-de-la-charite.org\/pt-pt\/amazonia-tierra-de-esperanza-y-encuentro-vicenciano\/"},"author":{"name":"SOR MARTA","@id":"https:\/\/filles-de-la-charite.org\/pt-pt\/#\/schema\/person\/0c922b6ca71280639858d297b3a7209f"},"headline":"Amaz\u00f4nia: Terra de Esperan\u00e7a e Encontro Vicentino","datePublished":"2025-11-13T11:24:37+00:00","dateModified":"2025-11-29T21:51:39+00:00","mainEntityOfPage":{"@id":"https:\/\/filles-de-la-charite.org\/pt-pt\/amazonia-tierra-de-esperanza-y-encuentro-vicenciano\/"},"wordCount":849,"publisher":{"@id":"https:\/\/filles-de-la-charite.org\/pt-pt\/#organization"},"image":{"@id":"https:\/\/filles-de-la-charite.org\/pt-pt\/amazonia-tierra-de-esperanza-y-encuentro-vicenciano\/#primaryimage"},"thumbnailUrl":"https:\/\/filles-de-la-charite.org\/wp-content\/uploads\/2025\/11\/WhatsApp-Image-2025-11-10-at-01.26.27-3-2.jpeg","articleSection":["Amaz\u00f4nia"],"inLanguage":"pt-PT"},{"@type":"WebPage","@id":"https:\/\/filles-de-la-charite.org\/pt-pt\/amazonia-tierra-de-esperanza-y-encuentro-vicenciano\/","url":"https:\/\/filles-de-la-charite.org\/pt-pt\/amazonia-tierra-de-esperanza-y-encuentro-vicenciano\/","name":"Amaz\u00f4nia: Terra de Esperan\u00e7a e Encontro Vicentino - Filles de la Charit\u00e9","isPartOf":{"@id":"https:\/\/filles-de-la-charite.org\/pt-pt\/#website"},"primaryImageOfPage":{"@id":"https:\/\/filles-de-la-charite.org\/pt-pt\/amazonia-tierra-de-esperanza-y-encuentro-vicenciano\/#primaryimage"},"image":{"@id":"https:\/\/filles-de-la-charite.org\/pt-pt\/amazonia-tierra-de-esperanza-y-encuentro-vicenciano\/#primaryimage"},"thumbnailUrl":"https:\/\/filles-de-la-charite.org\/wp-content\/uploads\/2025\/11\/WhatsApp-Image-2025-11-10-at-01.26.27-3-2.jpeg","datePublished":"2025-11-13T11:24:37+00:00","dateModified":"2025-11-29T21:51:39+00:00","breadcrumb":{"@id":"https:\/\/filles-de-la-charite.org\/pt-pt\/amazonia-tierra-de-esperanza-y-encuentro-vicenciano\/#breadcrumb"},"inLanguage":"pt-PT","potentialAction":[{"@type":"ReadAction","target":["https:\/\/filles-de-la-charite.org\/pt-pt\/amazonia-tierra-de-esperanza-y-encuentro-vicenciano\/"]}]},{"@type":"ImageObject","inLanguage":"pt-PT","@id":"https:\/\/filles-de-la-charite.org\/pt-pt\/amazonia-tierra-de-esperanza-y-encuentro-vicenciano\/#primaryimage","url":"https:\/\/filles-de-la-charite.org\/wp-content\/uploads\/2025\/11\/WhatsApp-Image-2025-11-10-at-01.26.27-3-2.jpeg","contentUrl":"https:\/\/filles-de-la-charite.org\/wp-content\/uploads\/2025\/11\/WhatsApp-Image-2025-11-10-at-01.26.27-3-2.jpeg","width":1600,"height":900},{"@type":"BreadcrumbList","@id":"https:\/\/filles-de-la-charite.org\/pt-pt\/amazonia-tierra-de-esperanza-y-encuentro-vicenciano\/#breadcrumb","itemListElement":[{"@type":"ListItem","position":1,"name":"Amaz\u00f4nia","item":"https:\/\/filles-de-la-charite.org\/pt-pt\/category\/amazonia-pt-pt\/"},{"@type":"ListItem","position":2,"name":"Amaz\u00f4nia: Terra de Esperan\u00e7a e Encontro Vicentino"}]},{"@type":"WebSite","@id":"https:\/\/filles-de-la-charite.org\/pt-pt\/#website","url":"https:\/\/filles-de-la-charite.org\/pt-pt\/","name":"Hijas de la Caridad","description":"L\u2019amour de J\u00e9sus nous presse \u00e0 prendre soin des personnes les plus d\u00e9munies","publisher":{"@id":"https:\/\/filles-de-la-charite.org\/pt-pt\/#organization"},"potentialAction":[{"@type":"SearchAction","target":{"@type":"EntryPoint","urlTemplate":"https:\/\/filles-de-la-charite.org\/pt-pt\/?s={search_term_string}"},"query-input":{"@type":"PropertyValueSpecification","valueRequired":true,"valueName":"search_term_string"}}],"inLanguage":"pt-PT"},{"@type":"Organization","@id":"https:\/\/filles-de-la-charite.org\/pt-pt\/#organization","name":"Hijas de la Caridad","url":"https:\/\/filles-de-la-charite.org\/pt-pt\/","logo":{"@type":"ImageObject","inLanguage":"pt-PT","@id":"https:\/\/filles-de-la-charite.org\/pt-pt\/#\/schema\/logo\/image\/","url":"https:\/\/filles-de-la-charite.org\/wp-content\/uploads\/2023\/03\/isotipo-Hijas-de-la-Caridad.png","contentUrl":"https:\/\/filles-de-la-charite.org\/wp-content\/uploads\/2023\/03\/isotipo-Hijas-de-la-Caridad.png","width":1417,"height":1417,"caption":"Hijas de la Caridad"},"image":{"@id":"https:\/\/filles-de-la-charite.org\/pt-pt\/#\/schema\/logo\/image\/"}},{"@type":"Person","@id":"https:\/\/filles-de-la-charite.org\/pt-pt\/#\/schema\/person\/0c922b6ca71280639858d297b3a7209f","name":"SOR MARTA","image":{"@type":"ImageObject","inLanguage":"pt-PT","@id":"https:\/\/secure.gravatar.com\/avatar\/d2c45b0fd6bf2d3e2670ab3d112257c24ac80fa960360bba1bdc0676485d1d09?s=96&d=mm&r=g","url":"https:\/\/secure.gravatar.com\/avatar\/d2c45b0fd6bf2d3e2670ab3d112257c24ac80fa960360bba1bdc0676485d1d09?s=96&d=mm&r=g","contentUrl":"https:\/\/secure.gravatar.com\/avatar\/d2c45b0fd6bf2d3e2670ab3d112257c24ac80fa960360bba1bdc0676485d1d09?s=96&d=mm&r=g","caption":"SOR MARTA"},"url":"https:\/\/filles-de-la-charite.org\/pt-pt\/author\/martaemn\/"}]}},"_links":{"self":[{"href":"https:\/\/filles-de-la-charite.org\/pt-pt\/wp-json\/wp\/v2\/posts\/47723","targetHints":{"allow":["GET"]}}],"collection":[{"href":"https:\/\/filles-de-la-charite.org\/pt-pt\/wp-json\/wp\/v2\/posts"}],"about":[{"href":"https:\/\/filles-de-la-charite.org\/pt-pt\/wp-json\/wp\/v2\/types\/post"}],"author":[{"embeddable":true,"href":"https:\/\/filles-de-la-charite.org\/pt-pt\/wp-json\/wp\/v2\/users\/5"}],"replies":[{"embeddable":true,"href":"https:\/\/filles-de-la-charite.org\/pt-pt\/wp-json\/wp\/v2\/comments?post=47723"}],"version-history":[{"count":1,"href":"https:\/\/filles-de-la-charite.org\/pt-pt\/wp-json\/wp\/v2\/posts\/47723\/revisions"}],"predecessor-version":[{"id":47738,"href":"https:\/\/filles-de-la-charite.org\/pt-pt\/wp-json\/wp\/v2\/posts\/47723\/revisions\/47738"}],"wp:featuredmedia":[{"embeddable":true,"href":"https:\/\/filles-de-la-charite.org\/pt-pt\/wp-json\/wp\/v2\/media\/48030"}],"wp:attachment":[{"href":"https:\/\/filles-de-la-charite.org\/pt-pt\/wp-json\/wp\/v2\/media?parent=47723"}],"wp:term":[{"taxonomy":"category","embeddable":true,"href":"https:\/\/filles-de-la-charite.org\/pt-pt\/wp-json\/wp\/v2\/categories?post=47723"},{"taxonomy":"post_tag","embeddable":true,"href":"https:\/\/filles-de-la-charite.org\/pt-pt\/wp-json\/wp\/v2\/tags?post=47723"}],"curies":[{"name":"wp","href":"https:\/\/api.w.org\/{rel}","templated":true}]}}