{"id":47776,"date":"2025-11-13T13:08:38","date_gmt":"2025-11-13T12:08:38","guid":{"rendered":"https:\/\/filles-de-la-charite.org\/?p=47776"},"modified":"2025-11-13T13:03:46","modified_gmt":"2025-11-13T12:03:46","slug":"como-peregrinas-de-la-caridad-esperando-y-avanzando","status":"publish","type":"post","link":"https:\/\/filles-de-la-charite.org\/pt-pt\/como-peregrinas-de-la-caridad-esperando-y-avanzando\/","title":{"rendered":"Como Peregrinas da Caridade: Esperan\u00e7ar e Avan\u00e7ar"},"content":{"rendered":"\n<p><strong>1\u00ba Encontro Interprovincial das Irm\u00e3s at\u00e9 15 anos de voca\u00e7\u00e3o \u2013 Prov\u00edncias do Brasil<\/strong><\/p>\n\n\n\n<p><em>Rio de Janeiro, Brasil \u2013 14 a 18 de outubro de 2025<\/em><\/p>\n\n\n\n<figure class=\"wp-block-image size-large\"><img loading=\"lazy\" decoding=\"async\" width=\"1024\" height=\"682\" src=\"https:\/\/filles-de-la-charite.org\/wp-content\/uploads\/2025\/11\/WhatsApp-Image-2025-11-10-at-01.16.02-1024x682.jpeg\" alt=\"\" class=\"wp-image-47763\" srcset=\"https:\/\/filles-de-la-charite.org\/wp-content\/uploads\/2025\/11\/WhatsApp-Image-2025-11-10-at-01.16.02-1024x682.jpeg 1024w, https:\/\/filles-de-la-charite.org\/wp-content\/uploads\/2025\/11\/WhatsApp-Image-2025-11-10-at-01.16.02-980x653.jpeg 980w, https:\/\/filles-de-la-charite.org\/wp-content\/uploads\/2025\/11\/WhatsApp-Image-2025-11-10-at-01.16.02-480x320.jpeg 480w\" sizes=\"(min-width: 0px) and (max-width: 480px) 480px, (min-width: 481px) and (max-width: 980px) 980px, (min-width: 981px) 1024px, 100vw\" \/><\/figure>\n\n\n\n<p>Entre os dias 14 e 18 de outubro de 2025, realizou-se no Rio de Janeiro o 1\u00ba Encontro Interprovincial das Irm\u00e3s Jovens com at\u00e9 15 anos de voca\u00e7\u00e3o. Reunimo-nos como Peregrinas da Caridade, desejosas de fortalecer nossa identidade vicentina e renovar o ardor mission\u00e1rio. Desde o primeiro momento, a alegria fraterna e a partilha revelaram a presen\u00e7a viva de Deus entre n\u00f3s.<\/p>\n\n\n\n<figure class=\"wp-block-image size-large\"><img loading=\"lazy\" decoding=\"async\" width=\"1024\" height=\"682\" src=\"https:\/\/filles-de-la-charite.org\/wp-content\/uploads\/2025\/11\/WhatsApp-Image-2025-11-10-at-01.15.27-1-1024x682.jpeg\" alt=\"\" class=\"wp-image-47754\" srcset=\"https:\/\/filles-de-la-charite.org\/wp-content\/uploads\/2025\/11\/WhatsApp-Image-2025-11-10-at-01.15.27-1-1024x682.jpeg 1024w, https:\/\/filles-de-la-charite.org\/wp-content\/uploads\/2025\/11\/WhatsApp-Image-2025-11-10-at-01.15.27-1-980x653.jpeg 980w, https:\/\/filles-de-la-charite.org\/wp-content\/uploads\/2025\/11\/WhatsApp-Image-2025-11-10-at-01.15.27-1-480x320.jpeg 480w\" sizes=\"(min-width: 0px) and (max-width: 480px) 480px, (min-width: 481px) and (max-width: 980px) 980px, (min-width: 981px) 1024px, 100vw\" \/><\/figure>\n\n\n\n<h2 class=\"wp-block-heading\"><strong>Presen\u00e7as Inspiradoras<\/strong><\/h2>\n\n\n\n<p>O encontro foi enriquecido pela presen\u00e7a da Irm\u00e3 Fran\u00e7oise Petit, Superiora Geral, que com ternura e sabedoria convidou-nos a perseverar na voca\u00e7\u00e3o com alegria e fidelidade, mantendo os Pobres no centro do nosso servi\u00e7o. Recordou-nos que \u201cn\u00e3o h\u00e1 nada em nossas Constitui\u00e7\u00f5es que freie a aud\u00e1cia mission\u00e1ria\u201d, e que a fidelidade \u00e9 caminho de amor cotidiano. Irm\u00e3 Ana Am\u00e9lia Guedes, Conselheira Geral, ajudou-nos a refletir sobre o tema do encontro, lembrando que a Comunidade \u00e9 espa\u00e7o de Evangelho vivido, onde o amor fraterno se torna miss\u00e3o. Aludindo ao tema das Assembleias, comparou a Companhia a um \u201cgrande Ateli\u00ea\u201d onde cada Irm\u00e3 \u00e9 uma artes\u00e3 da Paz e da Caridade, contribuindo discretamente para a beleza do conjunto. Padre Jos\u00e9 Ant\u00f4nio Gonz\u00e1lez Prieto, CM, Diretor Geral, tamb\u00e9m esteve presente, e recordou-nos que comunh\u00e3o, participa\u00e7\u00e3o e miss\u00e3o fazem parte da ess\u00eancia vicentina. A sinodalidade, disse ele, \u00e9 express\u00e3o da escuta do Esp\u00edrito e da convers\u00e3o pastoral a que somos chamadas.<\/p>\n\n\n\n<figure class=\"wp-block-image size-large\"><img loading=\"lazy\" decoding=\"async\" width=\"1024\" height=\"682\" src=\"https:\/\/filles-de-la-charite.org\/wp-content\/uploads\/2025\/11\/WhatsApp-Image-2025-11-10-at-01.15.30-1024x682.jpeg\" alt=\"\" class=\"wp-image-47757\" srcset=\"https:\/\/filles-de-la-charite.org\/wp-content\/uploads\/2025\/11\/WhatsApp-Image-2025-11-10-at-01.15.30-1024x682.jpeg 1024w, https:\/\/filles-de-la-charite.org\/wp-content\/uploads\/2025\/11\/WhatsApp-Image-2025-11-10-at-01.15.30-980x653.jpeg 980w, https:\/\/filles-de-la-charite.org\/wp-content\/uploads\/2025\/11\/WhatsApp-Image-2025-11-10-at-01.15.30-480x320.jpeg 480w\" sizes=\"(min-width: 0px) and (max-width: 480px) 480px, (min-width: 481px) and (max-width: 980px) 980px, (min-width: 981px) 1024px, 100vw\" \/><\/figure>\n\n\n\n<p>Abordando a import\u00e2ncia do equil\u00edbrio e da leveza em nossa voca\u00e7\u00e3o, Pe. Ronaldo Zacharias, sdc, ressaltou a necessidade de integrarmos corpo, esp\u00edrito e afetividade no seguimento de Cristo, enquanto o Pe. Eli Chaves, CM, alertou-nos do perigo de sermos \u201ccrist\u00e3s sem Jesus\u201d e nos convidou a redescobrir o encantamento do primeiro amor. \u201cSomente com os p\u00e9s no ch\u00e3o da realidade e os olhos fixos em Cristo \u00e9 poss\u00edvel esperan\u00e7ar e avan\u00e7ar\u201d, afirmou. Recebemos ainda uma mensagem do Pe. Toma\u017e Mavri\u010d, CM, Superior Geral, que nos encorajou a viver uma espiritualidade ardente e mission\u00e1ria, mantendo o Carisma Vicentino vivo no servi\u00e7o aos Pobres.<\/p>\n\n\n\n<h3 class=\"wp-block-heading\"><strong>Evangelho Encarnado: Visita ao Centro de Refugiados<\/strong><\/h3>\n\n\n\n<p>Um dos momentos mais tocantes foi a visita ao <strong>Centro de Refugiados e Imigrantes<\/strong> mantido pela Prov\u00edncia do Rio de Janeiro. L\u00e1, o Evangelho ganhou rosto e voz nas hist\u00f3rias de quem encontrou acolhimento e dignidade. Servir os Pobres revelou-se, mais uma vez, servir ao pr\u00f3prio Cristo.<\/p>\n\n\n\n<figure class=\"wp-block-image size-large\"><img loading=\"lazy\" decoding=\"async\" width=\"1024\" height=\"682\" src=\"https:\/\/filles-de-la-charite.org\/wp-content\/uploads\/2025\/11\/WhatsApp-Image-2025-11-10-at-01.15.47-1-1024x682.jpeg\" alt=\"\" class=\"wp-image-47758\" srcset=\"https:\/\/filles-de-la-charite.org\/wp-content\/uploads\/2025\/11\/WhatsApp-Image-2025-11-10-at-01.15.47-1-1024x682.jpeg 1024w, https:\/\/filles-de-la-charite.org\/wp-content\/uploads\/2025\/11\/WhatsApp-Image-2025-11-10-at-01.15.47-1-980x653.jpeg 980w, https:\/\/filles-de-la-charite.org\/wp-content\/uploads\/2025\/11\/WhatsApp-Image-2025-11-10-at-01.15.47-1-480x320.jpeg 480w\" sizes=\"(min-width: 0px) and (max-width: 480px) 480px, (min-width: 481px) and (max-width: 980px) 980px, (min-width: 981px) 1024px, 100vw\" \/><\/figure>\n\n\n\n<h2 class=\"wp-block-heading\"><strong>Encerramento com Esperan\u00e7a<\/strong><\/h2>\n\n\n\n<p>Na mensagem final, Irm\u00e3 Fran\u00e7oise Petit, em portugu\u00eas, partilhou a alegria de ter peregrinado entre n\u00f3s. Renovou a consagra\u00e7\u00e3o da Companhia a Nossa Senhora no Santu\u00e1rio Nacional de Aparecida e reafirmou a entrega feita por Santa Lu\u00edsa h\u00e1 381 anos em Chartres. Com f\u00e9, declarou:<\/p>\n\n\n\n<p><em>\u201cN\u00e3o estamos sozinhas. N\u00f3s caminhamos juntas. Guardem o entusiasmo e aprofundem o enraizamento em Jesus.\u201d<\/em><\/p>\n\n\n\n<figure class=\"wp-block-image size-large\"><img loading=\"lazy\" decoding=\"async\" width=\"1024\" height=\"682\" src=\"https:\/\/filles-de-la-charite.org\/wp-content\/uploads\/2025\/11\/WhatsApp-Image-2025-11-10-at-01.16.04-1-1024x682.jpeg\" alt=\"\" class=\"wp-image-47764\" srcset=\"https:\/\/filles-de-la-charite.org\/wp-content\/uploads\/2025\/11\/WhatsApp-Image-2025-11-10-at-01.16.04-1-1024x682.jpeg 1024w, https:\/\/filles-de-la-charite.org\/wp-content\/uploads\/2025\/11\/WhatsApp-Image-2025-11-10-at-01.16.04-1-980x653.jpeg 980w, https:\/\/filles-de-la-charite.org\/wp-content\/uploads\/2025\/11\/WhatsApp-Image-2025-11-10-at-01.16.04-1-480x320.jpeg 480w\" sizes=\"(min-width: 0px) and (max-width: 480px) 480px, (min-width: 481px) and (max-width: 980px) 980px, (min-width: 981px) 1024px, 100vw\" \/><\/figure>\n\n\n\n<h2 class=\"wp-block-heading\"><strong>Caminho Reacendido<\/strong><\/h2>\n\n\n\n<p>Com gratid\u00e3o, retornamos \u00e0s nossas comunidades levando a chama reacendida da voca\u00e7\u00e3o. Que <strong>Maria, M\u00e3e e Guardi\u00e3 da Companhia<\/strong>, nos ajude a conservar acesas as luzes recebidas e a avan\u00e7ar com esperan\u00e7a, nos passos de Vicente e Lu\u00edsa, ao encontro dos Pobres, onde o pr\u00f3prio Cristo nos espera.<\/p>\n\n\n\n<figure class=\"wp-block-image size-large\"><img loading=\"lazy\" decoding=\"async\" width=\"682\" height=\"1024\" src=\"https:\/\/filles-de-la-charite.org\/wp-content\/uploads\/2025\/11\/WhatsApp-Image-2025-11-10-at-01.16.22-682x1024.jpeg\" alt=\"\" class=\"wp-image-47766\" srcset=\"https:\/\/filles-de-la-charite.org\/wp-content\/uploads\/2025\/11\/WhatsApp-Image-2025-11-10-at-01.16.22-682x1024.jpeg 682w, https:\/\/filles-de-la-charite.org\/wp-content\/uploads\/2025\/11\/WhatsApp-Image-2025-11-10-at-01.16.22-480x720.jpeg 480w\" sizes=\"(min-width: 0px) and (max-width: 480px) 480px, (min-width: 481px) 682px, 100vw\" \/><\/figure>\n\n\n\n<p><strong><strong>Bendito seja Deus, que faz Caminho conosco!<\/strong><\/strong><\/p>\n","protected":false},"excerpt":{"rendered":"<p>1\u00ba Encontro Interprovincial das Irm\u00e3s at\u00e9 15 anos de voca\u00e7\u00e3o \u2013 Prov\u00edncias do Brasil Rio de Janeiro, Brasil \u2013 14 a 18 de outubro de 2025 Entre os dias 14 e 18 de outubro de 2025, realizou-se no Rio de Janeiro o 1\u00ba Encontro Interprovincial das Irm\u00e3s Jovens com at\u00e9 15 anos de voca\u00e7\u00e3o. Reunimo-nos [&hellip;]<\/p>\n","protected":false},"author":5,"featured_media":47777,"comment_status":"closed","ping_status":"closed","sticky":false,"template":"","format":"standard","meta":{"_acf_changed":false,"_et_pb_use_builder":"","_et_pb_old_content":"","_et_gb_content_width":"","footnotes":"","_links_to":"","_links_to_target":""},"categories":[853],"tags":[],"class_list":["post-47776","post","type-post","status-publish","format-standard","has-post-thumbnail","hentry","category-brasil-pt-pt"],"acf":[],"yoast_head":"<!-- This site is optimized with the Yoast SEO plugin v27.5 - https:\/\/yoast.com\/product\/yoast-seo-wordpress\/ -->\n<title>Como Peregrinas da Caridade: Esperan\u00e7ar e Avan\u00e7ar - Filles de la Charit\u00e9<\/title>\n<meta name=\"robots\" content=\"index, follow, max-snippet:-1, max-image-preview:large, max-video-preview:-1\" \/>\n<link rel=\"canonical\" href=\"https:\/\/filles-de-la-charite.org\/pt-pt\/como-peregrinas-de-la-caridad-esperando-y-avanzando\/\" \/>\n<meta property=\"og:locale\" content=\"pt_PT\" \/>\n<meta property=\"og:type\" content=\"article\" \/>\n<meta property=\"og:title\" content=\"Como Peregrinas da Caridade: Esperan\u00e7ar e Avan\u00e7ar - Filles de la Charit\u00e9\" \/>\n<meta property=\"og:description\" content=\"1\u00ba Encontro Interprovincial das Irm\u00e3s at\u00e9 15 anos de voca\u00e7\u00e3o \u2013 Prov\u00edncias do Brasil Rio de Janeiro, Brasil \u2013 14 a 18 de outubro de 2025 Entre os dias 14 e 18 de outubro de 2025, realizou-se no Rio de Janeiro o 1\u00ba Encontro Interprovincial das Irm\u00e3s Jovens com at\u00e9 15 anos de voca\u00e7\u00e3o. Reunimo-nos [&hellip;]\" \/>\n<meta property=\"og:url\" content=\"https:\/\/filles-de-la-charite.org\/pt-pt\/como-peregrinas-de-la-caridad-esperando-y-avanzando\/\" \/>\n<meta property=\"og:site_name\" content=\"Filles de la Charit\u00e9\" \/>\n<meta property=\"article:published_time\" content=\"2025-11-13T12:08:38+00:00\" \/>\n<meta property=\"og:image\" content=\"https:\/\/filles-de-la-charite.org\/wp-content\/uploads\/2025\/11\/WhatsApp-Image-2025-11-10-at-01.15.27.jpeg\" \/>\n\t<meta property=\"og:image:width\" content=\"1280\" \/>\n\t<meta property=\"og:image:height\" content=\"719\" \/>\n\t<meta property=\"og:image:type\" content=\"image\/jpeg\" \/>\n<meta name=\"author\" content=\"SOR MARTA\" \/>\n<meta name=\"twitter:card\" content=\"summary_large_image\" \/>\n<meta name=\"twitter:label1\" content=\"Escrito por\" \/>\n\t<meta name=\"twitter:data1\" content=\"SOR MARTA\" \/>\n\t<meta name=\"twitter:label2\" content=\"Tempo estimado de leitura\" \/>\n\t<meta name=\"twitter:data2\" content=\"4 minutos\" \/>\n<script type=\"application\/ld+json\" class=\"yoast-schema-graph\">{\"@context\":\"https:\\\/\\\/schema.org\",\"@graph\":[{\"@type\":\"Article\",\"@id\":\"https:\\\/\\\/filles-de-la-charite.org\\\/pt-pt\\\/como-peregrinas-de-la-caridad-esperando-y-avanzando\\\/#article\",\"isPartOf\":{\"@id\":\"https:\\\/\\\/filles-de-la-charite.org\\\/pt-pt\\\/como-peregrinas-de-la-caridad-esperando-y-avanzando\\\/\"},\"author\":{\"name\":\"SOR MARTA\",\"@id\":\"https:\\\/\\\/filles-de-la-charite.org\\\/pt-pt\\\/#\\\/schema\\\/person\\\/0c922b6ca71280639858d297b3a7209f\"},\"headline\":\"Como Peregrinas da Caridade: Esperan\u00e7ar e Avan\u00e7ar\",\"datePublished\":\"2025-11-13T12:08:38+00:00\",\"mainEntityOfPage\":{\"@id\":\"https:\\\/\\\/filles-de-la-charite.org\\\/pt-pt\\\/como-peregrinas-de-la-caridad-esperando-y-avanzando\\\/\"},\"wordCount\":575,\"publisher\":{\"@id\":\"https:\\\/\\\/filles-de-la-charite.org\\\/pt-pt\\\/#organization\"},\"image\":{\"@id\":\"https:\\\/\\\/filles-de-la-charite.org\\\/pt-pt\\\/como-peregrinas-de-la-caridad-esperando-y-avanzando\\\/#primaryimage\"},\"thumbnailUrl\":\"https:\\\/\\\/filles-de-la-charite.org\\\/wp-content\\\/uploads\\\/2025\\\/11\\\/WhatsApp-Image-2025-11-10-at-01.15.27.jpeg\",\"articleSection\":[\"Brasil\"],\"inLanguage\":\"pt-PT\"},{\"@type\":\"WebPage\",\"@id\":\"https:\\\/\\\/filles-de-la-charite.org\\\/pt-pt\\\/como-peregrinas-de-la-caridad-esperando-y-avanzando\\\/\",\"url\":\"https:\\\/\\\/filles-de-la-charite.org\\\/pt-pt\\\/como-peregrinas-de-la-caridad-esperando-y-avanzando\\\/\",\"name\":\"Como Peregrinas da Caridade: Esperan\u00e7ar e Avan\u00e7ar - Filles de la Charit\u00e9\",\"isPartOf\":{\"@id\":\"https:\\\/\\\/filles-de-la-charite.org\\\/pt-pt\\\/#website\"},\"primaryImageOfPage\":{\"@id\":\"https:\\\/\\\/filles-de-la-charite.org\\\/pt-pt\\\/como-peregrinas-de-la-caridad-esperando-y-avanzando\\\/#primaryimage\"},\"image\":{\"@id\":\"https:\\\/\\\/filles-de-la-charite.org\\\/pt-pt\\\/como-peregrinas-de-la-caridad-esperando-y-avanzando\\\/#primaryimage\"},\"thumbnailUrl\":\"https:\\\/\\\/filles-de-la-charite.org\\\/wp-content\\\/uploads\\\/2025\\\/11\\\/WhatsApp-Image-2025-11-10-at-01.15.27.jpeg\",\"datePublished\":\"2025-11-13T12:08:38+00:00\",\"breadcrumb\":{\"@id\":\"https:\\\/\\\/filles-de-la-charite.org\\\/pt-pt\\\/como-peregrinas-de-la-caridad-esperando-y-avanzando\\\/#breadcrumb\"},\"inLanguage\":\"pt-PT\",\"potentialAction\":[{\"@type\":\"ReadAction\",\"target\":[\"https:\\\/\\\/filles-de-la-charite.org\\\/pt-pt\\\/como-peregrinas-de-la-caridad-esperando-y-avanzando\\\/\"]}]},{\"@type\":\"ImageObject\",\"inLanguage\":\"pt-PT\",\"@id\":\"https:\\\/\\\/filles-de-la-charite.org\\\/pt-pt\\\/como-peregrinas-de-la-caridad-esperando-y-avanzando\\\/#primaryimage\",\"url\":\"https:\\\/\\\/filles-de-la-charite.org\\\/wp-content\\\/uploads\\\/2025\\\/11\\\/WhatsApp-Image-2025-11-10-at-01.15.27.jpeg\",\"contentUrl\":\"https:\\\/\\\/filles-de-la-charite.org\\\/wp-content\\\/uploads\\\/2025\\\/11\\\/WhatsApp-Image-2025-11-10-at-01.15.27.jpeg\",\"width\":1280,\"height\":719},{\"@type\":\"BreadcrumbList\",\"@id\":\"https:\\\/\\\/filles-de-la-charite.org\\\/pt-pt\\\/como-peregrinas-de-la-caridad-esperando-y-avanzando\\\/#breadcrumb\",\"itemListElement\":[{\"@type\":\"ListItem\",\"position\":1,\"name\":\"Brasil\",\"item\":\"https:\\\/\\\/filles-de-la-charite.org\\\/pt-pt\\\/category\\\/brasil-pt-pt\\\/\"},{\"@type\":\"ListItem\",\"position\":2,\"name\":\"Como Peregrinas da Caridade: Esperan\u00e7ar e Avan\u00e7ar\"}]},{\"@type\":\"WebSite\",\"@id\":\"https:\\\/\\\/filles-de-la-charite.org\\\/pt-pt\\\/#website\",\"url\":\"https:\\\/\\\/filles-de-la-charite.org\\\/pt-pt\\\/\",\"name\":\"Hijas de la Caridad\",\"description\":\"L\u2019amour de J\u00e9sus nous presse \u00e0 prendre soin des personnes les plus d\u00e9munies\",\"publisher\":{\"@id\":\"https:\\\/\\\/filles-de-la-charite.org\\\/pt-pt\\\/#organization\"},\"potentialAction\":[{\"@type\":\"SearchAction\",\"target\":{\"@type\":\"EntryPoint\",\"urlTemplate\":\"https:\\\/\\\/filles-de-la-charite.org\\\/pt-pt\\\/?s={search_term_string}\"},\"query-input\":{\"@type\":\"PropertyValueSpecification\",\"valueRequired\":true,\"valueName\":\"search_term_string\"}}],\"inLanguage\":\"pt-PT\"},{\"@type\":\"Organization\",\"@id\":\"https:\\\/\\\/filles-de-la-charite.org\\\/pt-pt\\\/#organization\",\"name\":\"Hijas de la Caridad\",\"url\":\"https:\\\/\\\/filles-de-la-charite.org\\\/pt-pt\\\/\",\"logo\":{\"@type\":\"ImageObject\",\"inLanguage\":\"pt-PT\",\"@id\":\"https:\\\/\\\/filles-de-la-charite.org\\\/pt-pt\\\/#\\\/schema\\\/logo\\\/image\\\/\",\"url\":\"https:\\\/\\\/filles-de-la-charite.org\\\/wp-content\\\/uploads\\\/2023\\\/03\\\/isotipo-Hijas-de-la-Caridad.png\",\"contentUrl\":\"https:\\\/\\\/filles-de-la-charite.org\\\/wp-content\\\/uploads\\\/2023\\\/03\\\/isotipo-Hijas-de-la-Caridad.png\",\"width\":1417,\"height\":1417,\"caption\":\"Hijas de la Caridad\"},\"image\":{\"@id\":\"https:\\\/\\\/filles-de-la-charite.org\\\/pt-pt\\\/#\\\/schema\\\/logo\\\/image\\\/\"}},{\"@type\":\"Person\",\"@id\":\"https:\\\/\\\/filles-de-la-charite.org\\\/pt-pt\\\/#\\\/schema\\\/person\\\/0c922b6ca71280639858d297b3a7209f\",\"name\":\"SOR MARTA\",\"image\":{\"@type\":\"ImageObject\",\"inLanguage\":\"pt-PT\",\"@id\":\"https:\\\/\\\/secure.gravatar.com\\\/avatar\\\/d2c45b0fd6bf2d3e2670ab3d112257c24ac80fa960360bba1bdc0676485d1d09?s=96&d=mm&r=g\",\"url\":\"https:\\\/\\\/secure.gravatar.com\\\/avatar\\\/d2c45b0fd6bf2d3e2670ab3d112257c24ac80fa960360bba1bdc0676485d1d09?s=96&d=mm&r=g\",\"contentUrl\":\"https:\\\/\\\/secure.gravatar.com\\\/avatar\\\/d2c45b0fd6bf2d3e2670ab3d112257c24ac80fa960360bba1bdc0676485d1d09?s=96&d=mm&r=g\",\"caption\":\"SOR MARTA\"},\"url\":\"https:\\\/\\\/filles-de-la-charite.org\\\/pt-pt\\\/author\\\/martaemn\\\/\"}]}<\/script>\n<!-- \/ Yoast SEO plugin. -->","yoast_head_json":{"title":"Como Peregrinas da Caridade: Esperan\u00e7ar e Avan\u00e7ar - Filles de la Charit\u00e9","robots":{"index":"index","follow":"follow","max-snippet":"max-snippet:-1","max-image-preview":"max-image-preview:large","max-video-preview":"max-video-preview:-1"},"canonical":"https:\/\/filles-de-la-charite.org\/pt-pt\/como-peregrinas-de-la-caridad-esperando-y-avanzando\/","og_locale":"pt_PT","og_type":"article","og_title":"Como Peregrinas da Caridade: Esperan\u00e7ar e Avan\u00e7ar - Filles de la Charit\u00e9","og_description":"1\u00ba Encontro Interprovincial das Irm\u00e3s at\u00e9 15 anos de voca\u00e7\u00e3o \u2013 Prov\u00edncias do Brasil Rio de Janeiro, Brasil \u2013 14 a 18 de outubro de 2025 Entre os dias 14 e 18 de outubro de 2025, realizou-se no Rio de Janeiro o 1\u00ba Encontro Interprovincial das Irm\u00e3s Jovens com at\u00e9 15 anos de voca\u00e7\u00e3o. Reunimo-nos [&hellip;]","og_url":"https:\/\/filles-de-la-charite.org\/pt-pt\/como-peregrinas-de-la-caridad-esperando-y-avanzando\/","og_site_name":"Filles de la Charit\u00e9","article_published_time":"2025-11-13T12:08:38+00:00","og_image":[{"width":1280,"height":719,"url":"https:\/\/filles-de-la-charite.org\/wp-content\/uploads\/2025\/11\/WhatsApp-Image-2025-11-10-at-01.15.27.jpeg","type":"image\/jpeg"}],"author":"SOR MARTA","twitter_card":"summary_large_image","twitter_misc":{"Escrito por":"SOR MARTA","Tempo estimado de leitura":"4 minutos"},"schema":{"@context":"https:\/\/schema.org","@graph":[{"@type":"Article","@id":"https:\/\/filles-de-la-charite.org\/pt-pt\/como-peregrinas-de-la-caridad-esperando-y-avanzando\/#article","isPartOf":{"@id":"https:\/\/filles-de-la-charite.org\/pt-pt\/como-peregrinas-de-la-caridad-esperando-y-avanzando\/"},"author":{"name":"SOR MARTA","@id":"https:\/\/filles-de-la-charite.org\/pt-pt\/#\/schema\/person\/0c922b6ca71280639858d297b3a7209f"},"headline":"Como Peregrinas da Caridade: Esperan\u00e7ar e Avan\u00e7ar","datePublished":"2025-11-13T12:08:38+00:00","mainEntityOfPage":{"@id":"https:\/\/filles-de-la-charite.org\/pt-pt\/como-peregrinas-de-la-caridad-esperando-y-avanzando\/"},"wordCount":575,"publisher":{"@id":"https:\/\/filles-de-la-charite.org\/pt-pt\/#organization"},"image":{"@id":"https:\/\/filles-de-la-charite.org\/pt-pt\/como-peregrinas-de-la-caridad-esperando-y-avanzando\/#primaryimage"},"thumbnailUrl":"https:\/\/filles-de-la-charite.org\/wp-content\/uploads\/2025\/11\/WhatsApp-Image-2025-11-10-at-01.15.27.jpeg","articleSection":["Brasil"],"inLanguage":"pt-PT"},{"@type":"WebPage","@id":"https:\/\/filles-de-la-charite.org\/pt-pt\/como-peregrinas-de-la-caridad-esperando-y-avanzando\/","url":"https:\/\/filles-de-la-charite.org\/pt-pt\/como-peregrinas-de-la-caridad-esperando-y-avanzando\/","name":"Como Peregrinas da Caridade: Esperan\u00e7ar e Avan\u00e7ar - Filles de la Charit\u00e9","isPartOf":{"@id":"https:\/\/filles-de-la-charite.org\/pt-pt\/#website"},"primaryImageOfPage":{"@id":"https:\/\/filles-de-la-charite.org\/pt-pt\/como-peregrinas-de-la-caridad-esperando-y-avanzando\/#primaryimage"},"image":{"@id":"https:\/\/filles-de-la-charite.org\/pt-pt\/como-peregrinas-de-la-caridad-esperando-y-avanzando\/#primaryimage"},"thumbnailUrl":"https:\/\/filles-de-la-charite.org\/wp-content\/uploads\/2025\/11\/WhatsApp-Image-2025-11-10-at-01.15.27.jpeg","datePublished":"2025-11-13T12:08:38+00:00","breadcrumb":{"@id":"https:\/\/filles-de-la-charite.org\/pt-pt\/como-peregrinas-de-la-caridad-esperando-y-avanzando\/#breadcrumb"},"inLanguage":"pt-PT","potentialAction":[{"@type":"ReadAction","target":["https:\/\/filles-de-la-charite.org\/pt-pt\/como-peregrinas-de-la-caridad-esperando-y-avanzando\/"]}]},{"@type":"ImageObject","inLanguage":"pt-PT","@id":"https:\/\/filles-de-la-charite.org\/pt-pt\/como-peregrinas-de-la-caridad-esperando-y-avanzando\/#primaryimage","url":"https:\/\/filles-de-la-charite.org\/wp-content\/uploads\/2025\/11\/WhatsApp-Image-2025-11-10-at-01.15.27.jpeg","contentUrl":"https:\/\/filles-de-la-charite.org\/wp-content\/uploads\/2025\/11\/WhatsApp-Image-2025-11-10-at-01.15.27.jpeg","width":1280,"height":719},{"@type":"BreadcrumbList","@id":"https:\/\/filles-de-la-charite.org\/pt-pt\/como-peregrinas-de-la-caridad-esperando-y-avanzando\/#breadcrumb","itemListElement":[{"@type":"ListItem","position":1,"name":"Brasil","item":"https:\/\/filles-de-la-charite.org\/pt-pt\/category\/brasil-pt-pt\/"},{"@type":"ListItem","position":2,"name":"Como Peregrinas da Caridade: Esperan\u00e7ar e Avan\u00e7ar"}]},{"@type":"WebSite","@id":"https:\/\/filles-de-la-charite.org\/pt-pt\/#website","url":"https:\/\/filles-de-la-charite.org\/pt-pt\/","name":"Hijas de la Caridad","description":"L\u2019amour de J\u00e9sus nous presse \u00e0 prendre soin des personnes les plus d\u00e9munies","publisher":{"@id":"https:\/\/filles-de-la-charite.org\/pt-pt\/#organization"},"potentialAction":[{"@type":"SearchAction","target":{"@type":"EntryPoint","urlTemplate":"https:\/\/filles-de-la-charite.org\/pt-pt\/?s={search_term_string}"},"query-input":{"@type":"PropertyValueSpecification","valueRequired":true,"valueName":"search_term_string"}}],"inLanguage":"pt-PT"},{"@type":"Organization","@id":"https:\/\/filles-de-la-charite.org\/pt-pt\/#organization","name":"Hijas de la Caridad","url":"https:\/\/filles-de-la-charite.org\/pt-pt\/","logo":{"@type":"ImageObject","inLanguage":"pt-PT","@id":"https:\/\/filles-de-la-charite.org\/pt-pt\/#\/schema\/logo\/image\/","url":"https:\/\/filles-de-la-charite.org\/wp-content\/uploads\/2023\/03\/isotipo-Hijas-de-la-Caridad.png","contentUrl":"https:\/\/filles-de-la-charite.org\/wp-content\/uploads\/2023\/03\/isotipo-Hijas-de-la-Caridad.png","width":1417,"height":1417,"caption":"Hijas de la Caridad"},"image":{"@id":"https:\/\/filles-de-la-charite.org\/pt-pt\/#\/schema\/logo\/image\/"}},{"@type":"Person","@id":"https:\/\/filles-de-la-charite.org\/pt-pt\/#\/schema\/person\/0c922b6ca71280639858d297b3a7209f","name":"SOR MARTA","image":{"@type":"ImageObject","inLanguage":"pt-PT","@id":"https:\/\/secure.gravatar.com\/avatar\/d2c45b0fd6bf2d3e2670ab3d112257c24ac80fa960360bba1bdc0676485d1d09?s=96&d=mm&r=g","url":"https:\/\/secure.gravatar.com\/avatar\/d2c45b0fd6bf2d3e2670ab3d112257c24ac80fa960360bba1bdc0676485d1d09?s=96&d=mm&r=g","contentUrl":"https:\/\/secure.gravatar.com\/avatar\/d2c45b0fd6bf2d3e2670ab3d112257c24ac80fa960360bba1bdc0676485d1d09?s=96&d=mm&r=g","caption":"SOR MARTA"},"url":"https:\/\/filles-de-la-charite.org\/pt-pt\/author\/martaemn\/"}]}},"_links":{"self":[{"href":"https:\/\/filles-de-la-charite.org\/pt-pt\/wp-json\/wp\/v2\/posts\/47776","targetHints":{"allow":["GET"]}}],"collection":[{"href":"https:\/\/filles-de-la-charite.org\/pt-pt\/wp-json\/wp\/v2\/posts"}],"about":[{"href":"https:\/\/filles-de-la-charite.org\/pt-pt\/wp-json\/wp\/v2\/types\/post"}],"author":[{"embeddable":true,"href":"https:\/\/filles-de-la-charite.org\/pt-pt\/wp-json\/wp\/v2\/users\/5"}],"replies":[{"embeddable":true,"href":"https:\/\/filles-de-la-charite.org\/pt-pt\/wp-json\/wp\/v2\/comments?post=47776"}],"version-history":[{"count":1,"href":"https:\/\/filles-de-la-charite.org\/pt-pt\/wp-json\/wp\/v2\/posts\/47776\/revisions"}],"predecessor-version":[{"id":47809,"href":"https:\/\/filles-de-la-charite.org\/pt-pt\/wp-json\/wp\/v2\/posts\/47776\/revisions\/47809"}],"wp:featuredmedia":[{"embeddable":true,"href":"https:\/\/filles-de-la-charite.org\/pt-pt\/wp-json\/wp\/v2\/media\/47777"}],"wp:attachment":[{"href":"https:\/\/filles-de-la-charite.org\/pt-pt\/wp-json\/wp\/v2\/media?parent=47776"}],"wp:term":[{"taxonomy":"category","embeddable":true,"href":"https:\/\/filles-de-la-charite.org\/pt-pt\/wp-json\/wp\/v2\/categories?post=47776"},{"taxonomy":"post_tag","embeddable":true,"href":"https:\/\/filles-de-la-charite.org\/pt-pt\/wp-json\/wp\/v2\/tags?post=47776"}],"curies":[{"name":"wp","href":"https:\/\/api.w.org\/{rel}","templated":true}]}}