{"id":47879,"date":"2025-11-13T17:38:23","date_gmt":"2025-11-13T16:38:23","guid":{"rendered":"https:\/\/filles-de-la-charite.org\/?p=47879"},"modified":"2025-11-13T17:33:23","modified_gmt":"2025-11-13T16:33:23","slug":"un-nuevo-tiempo-de-gracia-nace-la-provincia-luisa-de-marillac-brasil","status":"publish","type":"post","link":"https:\/\/filles-de-la-charite.org\/pt-pt\/un-nuevo-tiempo-de-gracia-nace-la-provincia-luisa-de-marillac-brasil\/","title":{"rendered":"Um Novo Tempo de Gra\u00e7a: nasce a Prov\u00edncia Lu\u00edsa de Marillac \u2013 Brasil"},"content":{"rendered":"\n<h6 class=\"wp-block-heading\"><strong>Celebra\u00e7\u00e3o hist\u00f3rica no Santu\u00e1rio da Medalha Milagrosa<\/strong><\/h6>\n\n\n\n<p>No dia 19 de outubro de 2025, o Santu\u00e1rio de Nossa Senhora das Gra\u00e7as da Medalha Milagrosa, no Rio de Janeiro, acolheu com alegria, emo\u00e7\u00e3o e profunda gratid\u00e3o a Celebra\u00e7\u00e3o Eucar\u00edstica que oficializou a <strong>reconfigura\u00e7\u00e3o das Prov\u00edncias do Rio de Janeiro e de Belo Horizonte<\/strong>. Esse momento hist\u00f3rico deu origem \u00e0 nova <strong><em>Prov\u00edncia das Filhas da Caridade Lu\u00edsa de Marillac \u2013 Brasil<\/em><\/strong>, fruto de um longo processo de discernimento, ora\u00e7\u00e3o, partilha e prepara\u00e7\u00e3o.<\/p>\n\n\n\n<figure class=\"wp-block-image size-large\"><img loading=\"lazy\" decoding=\"async\" width=\"1024\" height=\"683\" src=\"https:\/\/filles-de-la-charite.org\/wp-content\/uploads\/2025\/11\/IMG_7307-1024x683.jpg\" alt=\"\" class=\"wp-image-47851\" srcset=\"https:\/\/filles-de-la-charite.org\/wp-content\/uploads\/2025\/11\/IMG_7307-980x653.jpg 980w, https:\/\/filles-de-la-charite.org\/wp-content\/uploads\/2025\/11\/IMG_7307-480x320.jpg 480w\" sizes=\"(min-width: 0px) and (max-width: 480px) 480px, (min-width: 481px) and (max-width: 980px) 980px, (min-width: 981px) 1024px, 100vw\" \/><\/figure>\n\n\n\n<h2 class=\"wp-block-heading\"><strong>Presen\u00e7as que fortalecem a comunh\u00e3o<\/strong><\/h2>\n\n\n\n<p>A celebra\u00e7\u00e3o reuniu a Superiora Geral, Irm\u00e3 Fran\u00e7oise Petit, o Diretor Geral, Pe. Jos\u00e9 Antonio Gonz\u00e1lez Prieto, as Visitadoras e Diretores Provinciais das diversas regi\u00f5es do Brasil. Tamb\u00e9m estiveram presentes Irm\u00e3s das Comunidades locais, membros da Associa\u00e7\u00e3o da Medalha Milagrosa, do MISEVI, da Sociedade de S\u00e3o Vicente de Paulo, agentes pastorais e fi\u00e9is que frequentam o santu\u00e1rio. A presen\u00e7a de tantas vozes e cora\u00e7\u00f5es refor\u00e7ou o esp\u00edrito de unidade e renova\u00e7\u00e3o que marca esta nova etapa.<\/p>\n\n\n\n<h2 class=\"wp-block-heading\"><strong>A Eucaristia como centro da miss\u00e3o<\/strong><\/h2>\n\n\n\n<p>Presidida pelo Pe. Jos\u00e9 Antonio, a missa foi cuidadosamente preparada pelas Irm\u00e3s respons\u00e1veis pela liturgia e m\u00fasica. Em sua homilia, o celebrante destacou a Eucaristia como centro da vida e miss\u00e3o das Filhas da Caridade, espa\u00e7o de encontro com Cristo e com os pobres. Ele refletiu sobre a reconfigura\u00e7\u00e3o como um ato de confian\u00e7a em Deus, que nos chama a viver com esperan\u00e7a mesmo diante das incertezas. Inspirado pelas leituras b\u00edblicas, lembrou que a fidelidade de Deus sustenta os caminhos da miss\u00e3o e renova a entrega vocacional.<\/p>\n\n\n\n<figure class=\"wp-block-image size-large\"><img loading=\"lazy\" decoding=\"async\" width=\"1024\" height=\"683\" src=\"https:\/\/filles-de-la-charite.org\/wp-content\/uploads\/2025\/11\/IMG_7310-1024x683.jpg\" alt=\"\" class=\"wp-image-47850\" srcset=\"https:\/\/filles-de-la-charite.org\/wp-content\/uploads\/2025\/11\/IMG_7310-980x653.jpg 980w, https:\/\/filles-de-la-charite.org\/wp-content\/uploads\/2025\/11\/IMG_7310-480x320.jpg 480w\" sizes=\"(min-width: 0px) and (max-width: 480px) 480px, (min-width: 481px) and (max-width: 980px) 980px, (min-width: 981px) 1024px, 100vw\" \/><\/figure>\n\n\n\n<h2 class=\"wp-block-heading\"><strong>Reconfigura\u00e7\u00e3o: um chamado \u00e0 confian\u00e7a<\/strong><\/h2>\n\n\n\n<p>A Palavra de Deus proclamada naquele dia iluminou o sentido profundo da reconfigura\u00e7\u00e3o. A primeira leitura, do livro do \u00caxodo, mostrou que a vit\u00f3ria do povo de Deus n\u00e3o vem da for\u00e7a, mas da confian\u00e7a. O salmo refor\u00e7ou essa certeza: \u201cO socorro me vem do Senhor, que fez o c\u00e9u e a terra.\u201d A carta de Paulo a Tim\u00f3teo e o evangelho da vi\u00fava persistente convidaram \u00e0 ora\u00e7\u00e3o perseverante e \u00e0 confian\u00e7a na miseric\u00f3rdia divina. <em>Reconfigurar-se \u00e9 renovar o compromisso mission\u00e1rio, permitindo que a caridade flores\u00e7a em novas formas e caminhos. \u00c9 acreditar que Deus acolhe os esfor\u00e7os sinceros de quem deseja servir melhor aos pobres e que, com f\u00e9, \u00e9 poss\u00edvel superar os medos e abra\u00e7ar o novo com coragem e gratid\u00e3o.<\/em><\/p>\n\n\n\n<figure class=\"wp-block-image size-large\"><img loading=\"lazy\" decoding=\"async\" width=\"1024\" height=\"683\" src=\"https:\/\/filles-de-la-charite.org\/wp-content\/uploads\/2025\/11\/IMG_7641-1024x683.jpg\" alt=\"\" class=\"wp-image-47847\" srcset=\"https:\/\/filles-de-la-charite.org\/wp-content\/uploads\/2025\/11\/IMG_7641-980x653.jpg 980w, https:\/\/filles-de-la-charite.org\/wp-content\/uploads\/2025\/11\/IMG_7641-480x320.jpg 480w\" sizes=\"(min-width: 0px) and (max-width: 480px) 480px, (min-width: 481px) and (max-width: 980px) 980px, (min-width: 981px) 1024px, 100vw\" \/><\/figure>\n\n\n\n<h2 class=\"wp-block-heading\"><strong>Ora\u00e7\u00e3o como fonte de comunh\u00e3o e miss\u00e3o<\/strong><\/h2>\n\n\n\n<p>A celebra\u00e7\u00e3o foi marcada por uma profunda dimens\u00e3o espiritual. A ora\u00e7\u00e3o foi apresentada como caminho essencial para fortalecer a confian\u00e7a e renovar a esperan\u00e7a, inspirada pelo exemplo de Jesus, que orava em todas as circunst\u00e2ncias: na alegria, na dor, no sil\u00eancio e na comunh\u00e3o. <strong><em>A reconfigura\u00e7\u00e3o \u00e9 compreendida como um chamado \u00e0 comunh\u00e3o interior e \u00e0 profecia da caridade.<\/em><\/strong> A ora\u00e7\u00e3o contemplativa, aliada ao compromisso solid\u00e1rio, \u00e9 vista como fonte de unidade e fecundidade para a miss\u00e3o.<\/p>\n\n\n\n<figure class=\"wp-block-image size-large\"><img loading=\"lazy\" decoding=\"async\" width=\"683\" height=\"1024\" src=\"https:\/\/filles-de-la-charite.org\/wp-content\/uploads\/2025\/11\/IMG_7444-scaled-e1763049053578-683x1024.jpg\" alt=\"\" class=\"wp-image-47849\"\/><\/figure>\n\n\n\n<h2 class=\"wp-block-heading\"><strong>Gratid\u00e3o pela caminhada e pelo servi\u00e7o<\/strong><\/h2>\n\n\n\n<p>Irm\u00e3 Selma Aparecida dos Santos expressou sua gratid\u00e3o pela caminhada vivida rumo \u00e0 reconfigura\u00e7\u00e3o. Agradeceu ao Conselho Provincial pelo servi\u00e7o dedicado, \u00e0 Superiora Geral e seu Conselho pelo acompanhamento fraterno, e \u00e0s Irm\u00e3s das Prov\u00edncias do Rio de Janeiro e Belo Horizonte pela corresponsabilidade e comunh\u00e3o. Com f\u00e9 e esperan\u00e7a, confiou ao Senhor a nova etapa da miss\u00e3o, sustentada pela intercess\u00e3o de Maria, S\u00e3o Vicente de Paulo e Santa Lu\u00edsa de Marillac. \u201c<em>At\u00e9 aqui o Senhor nos conduziu&#8230; E certamente daqui pra frente Ele nos conduzir\u00e1.\u201d<\/em><\/p>\n\n\n\n<p><strong>Instala\u00e7\u00e3o da nova Visitadora e posse do Conselho<\/strong><\/p>\n\n\n\n<p>Durante a cerim\u00f4nia, Irm\u00e3 Fran\u00e7oise Petit destacou a import\u00e2ncia hist\u00f3rica da uni\u00e3o das Prov\u00edncias e agradeceu \u00e0s Irm\u00e3s e Conselhos Provinciais pela coragem e esp\u00edrito de sinodalidade. Ela realizou a instala\u00e7\u00e3o oficial de Irm\u00e3 Maria C\u00e9lia Costa S\u00e1 como Visitadora da nova Prov\u00edncia, confiando-lhe a miss\u00e3o de conduzir esse novo tempo com f\u00e9, criatividade e generosidade.<\/p>\n\n\n\n<p>Irm\u00e3 Maria C\u00e9lia, em sua primeira mensagem como Visitadora, expressou profunda gratid\u00e3o e alegria, reafirmando que este \u00e9 um tempo de gra\u00e7a e renova\u00e7\u00e3o guiado pelo Esp\u00edrito Santo. Ela agradeceu \u00e0s lideran\u00e7as da Companhia e \u00e0s Irm\u00e3s das antigas Prov\u00edncias, reconhecendo o servi\u00e7o corajoso e a constru\u00e7\u00e3o conjunta desse novo caminho. \u201cEsta nova Prov\u00edncia \u00e9 mais do que uma estrutura organizacional. \u00c9 um chamado \u00e0 comunh\u00e3o, \u00e0 miss\u00e3o partilhada e \u00e0 profecia da caridade.\u201d<\/p>\n\n\n\n<p>Ela deu posse ao novo Conselho Provincial, composto por Irm\u00e3 Shirley Santos Silva (Assistente Provincial), Irm\u00e3 Jane Carla Gomes de Souza, Irm\u00e3 Maria Aparecida Cirico Maciel, Irm\u00e3 Maria Cristina D\u2019Abruzzo, Irm\u00e3 M\u00e1rcia Helena do Ros\u00e1rio Santos e Irm\u00e3 Selma Aparecida dos Santos. Irm\u00e3 Sandilene Bocafoli foi nomeada Secret\u00e1ria Provincial e Irm\u00e3 Rizomar Figueiredo, Ec\u00f4noma Provincial. Pe. Agnaldo Aparecido de Paula foi empossado como Diretor Provincial.<\/p>\n\n\n\n<figure class=\"wp-block-image size-large\"><img loading=\"lazy\" decoding=\"async\" width=\"1024\" height=\"683\" src=\"https:\/\/filles-de-la-charite.org\/wp-content\/uploads\/2025\/11\/IMG_7474-1024x683.jpg\" alt=\"\" class=\"wp-image-47848\" srcset=\"https:\/\/filles-de-la-charite.org\/wp-content\/uploads\/2025\/11\/IMG_7474-980x653.jpg 980w, https:\/\/filles-de-la-charite.org\/wp-content\/uploads\/2025\/11\/IMG_7474-480x320.jpg 480w\" sizes=\"(min-width: 0px) and (max-width: 480px) 480px, (min-width: 481px) and (max-width: 980px) 980px, (min-width: 981px) 1024px, 100vw\" \/><\/figure>\n\n\n\n<h2 class=\"wp-block-heading\"><strong>Um gesto de carinho e esperan\u00e7a<\/strong><\/h2>\n\n\n\n<p>Em gesto de carinho, Irm\u00e3 Maria C\u00e9lia presenteou Irm\u00e3 Fran\u00e7oise Petit com uma pe\u00e7a artesanal feita por Irm\u00e3 Maria L\u00facia Rocha, de 93 anos, como s\u00edmbolo de gratid\u00e3o e esperan\u00e7a. A celebra\u00e7\u00e3o foi encerrada com um almo\u00e7o fraterno, marcado pela alegria e comunh\u00e3o entre as Irm\u00e3s.<\/p>\n\n\n\n<h2 class=\"wp-block-heading\"><strong>Caminhar com esperan\u00e7a e fidelidade<\/strong><\/h2>\n\n\n\n<p>Este novo tempo \u00e9 vivido com f\u00e9, coragem e disponibilidade, como express\u00e3o da confian\u00e7a de que \u201ca caridade de Cristo nos impele\u201d e de que a esperan\u00e7a jamais decepciona. A Prov\u00edncia Lu\u00edsa de Marillac &#8211; Brasil nasce como sinal de comunh\u00e3o e renova\u00e7\u00e3o da miss\u00e3o vicentina, para continuar servindo com alegria os preferidos de Deus.<strong><em>d de Cristo nos apremia\u00bb<\/em><\/strong> y en que la esperanza no defrauda. La <strong>Provincia Luisa de Marillac \u2013 Brasil<\/strong> nace como signo de comuni\u00f3n y de renovaci\u00f3n de la misi\u00f3n vicenciana, para <strong>seguir sirviendo con alegr\u00eda a los preferidos de Dios.<\/strong><\/p>\n","protected":false},"excerpt":{"rendered":"<p>Celebra\u00e7\u00e3o hist\u00f3rica no Santu\u00e1rio da Medalha Milagrosa No dia 19 de outubro de 2025, o Santu\u00e1rio de Nossa Senhora das Gra\u00e7as da Medalha Milagrosa, no Rio de Janeiro, acolheu com alegria, emo\u00e7\u00e3o e profunda gratid\u00e3o a Celebra\u00e7\u00e3o Eucar\u00edstica que oficializou a reconfigura\u00e7\u00e3o das Prov\u00edncias do Rio de Janeiro e de Belo Horizonte. Esse momento hist\u00f3rico [&hellip;]<\/p>\n","protected":false},"author":5,"featured_media":47880,"comment_status":"closed","ping_status":"closed","sticky":false,"template":"","format":"standard","meta":{"_acf_changed":false,"_et_pb_use_builder":"","_et_pb_old_content":"","_et_gb_content_width":"","footnotes":"","_links_to":"","_links_to_target":""},"categories":[853],"tags":[],"class_list":["post-47879","post","type-post","status-publish","format-standard","has-post-thumbnail","hentry","category-brasil-pt-pt"],"acf":[],"yoast_head":"<!-- This site is optimized with the Yoast SEO plugin v27.5 - https:\/\/yoast.com\/product\/yoast-seo-wordpress\/ -->\n<title>Um Novo Tempo de Gra\u00e7a: nasce a Prov\u00edncia Lu\u00edsa de Marillac \u2013 Brasil - Filles de la Charit\u00e9<\/title>\n<meta name=\"robots\" content=\"index, follow, max-snippet:-1, max-image-preview:large, max-video-preview:-1\" \/>\n<link rel=\"canonical\" href=\"https:\/\/filles-de-la-charite.org\/pt-pt\/un-nuevo-tiempo-de-gracia-nace-la-provincia-luisa-de-marillac-brasil\/\" \/>\n<meta property=\"og:locale\" content=\"pt_PT\" \/>\n<meta property=\"og:type\" content=\"article\" \/>\n<meta property=\"og:title\" content=\"Um Novo Tempo de Gra\u00e7a: nasce a Prov\u00edncia Lu\u00edsa de Marillac \u2013 Brasil - Filles de la Charit\u00e9\" \/>\n<meta property=\"og:description\" content=\"Celebra\u00e7\u00e3o hist\u00f3rica no Santu\u00e1rio da Medalha Milagrosa No dia 19 de outubro de 2025, o Santu\u00e1rio de Nossa Senhora das Gra\u00e7as da Medalha Milagrosa, no Rio de Janeiro, acolheu com alegria, emo\u00e7\u00e3o e profunda gratid\u00e3o a Celebra\u00e7\u00e3o Eucar\u00edstica que oficializou a reconfigura\u00e7\u00e3o das Prov\u00edncias do Rio de Janeiro e de Belo Horizonte. Esse momento hist\u00f3rico [&hellip;]\" \/>\n<meta property=\"og:url\" content=\"https:\/\/filles-de-la-charite.org\/pt-pt\/un-nuevo-tiempo-de-gracia-nace-la-provincia-luisa-de-marillac-brasil\/\" \/>\n<meta property=\"og:site_name\" content=\"Filles de la Charit\u00e9\" \/>\n<meta property=\"article:published_time\" content=\"2025-11-13T16:38:23+00:00\" \/>\n<meta property=\"og:image\" content=\"https:\/\/filles-de-la-charite.org\/wp-content\/uploads\/2025\/11\/IMG_7275-scaled.jpg\" \/>\n\t<meta property=\"og:image:width\" content=\"2560\" \/>\n\t<meta property=\"og:image:height\" content=\"1707\" \/>\n\t<meta property=\"og:image:type\" content=\"image\/jpeg\" \/>\n<meta name=\"author\" content=\"SOR MARTA\" \/>\n<meta name=\"twitter:card\" content=\"summary_large_image\" \/>\n<meta name=\"twitter:label1\" content=\"Escrito por\" \/>\n\t<meta name=\"twitter:data1\" content=\"SOR MARTA\" \/>\n\t<meta name=\"twitter:label2\" content=\"Tempo estimado de leitura\" \/>\n\t<meta name=\"twitter:data2\" content=\"6 minutos\" \/>\n<script type=\"application\/ld+json\" class=\"yoast-schema-graph\">{\"@context\":\"https:\\\/\\\/schema.org\",\"@graph\":[{\"@type\":\"Article\",\"@id\":\"https:\\\/\\\/filles-de-la-charite.org\\\/pt-pt\\\/un-nuevo-tiempo-de-gracia-nace-la-provincia-luisa-de-marillac-brasil\\\/#article\",\"isPartOf\":{\"@id\":\"https:\\\/\\\/filles-de-la-charite.org\\\/pt-pt\\\/un-nuevo-tiempo-de-gracia-nace-la-provincia-luisa-de-marillac-brasil\\\/\"},\"author\":{\"name\":\"SOR MARTA\",\"@id\":\"https:\\\/\\\/filles-de-la-charite.org\\\/pt-pt\\\/#\\\/schema\\\/person\\\/0c922b6ca71280639858d297b3a7209f\"},\"headline\":\"Um Novo Tempo de Gra\u00e7a: nasce a Prov\u00edncia Lu\u00edsa de Marillac \u2013 Brasil\",\"datePublished\":\"2025-11-13T16:38:23+00:00\",\"mainEntityOfPage\":{\"@id\":\"https:\\\/\\\/filles-de-la-charite.org\\\/pt-pt\\\/un-nuevo-tiempo-de-gracia-nace-la-provincia-luisa-de-marillac-brasil\\\/\"},\"wordCount\":1053,\"publisher\":{\"@id\":\"https:\\\/\\\/filles-de-la-charite.org\\\/pt-pt\\\/#organization\"},\"image\":{\"@id\":\"https:\\\/\\\/filles-de-la-charite.org\\\/pt-pt\\\/un-nuevo-tiempo-de-gracia-nace-la-provincia-luisa-de-marillac-brasil\\\/#primaryimage\"},\"thumbnailUrl\":\"https:\\\/\\\/filles-de-la-charite.org\\\/wp-content\\\/uploads\\\/2025\\\/11\\\/IMG_7275-scaled.jpg\",\"articleSection\":[\"Brasil\"],\"inLanguage\":\"pt-PT\"},{\"@type\":\"WebPage\",\"@id\":\"https:\\\/\\\/filles-de-la-charite.org\\\/pt-pt\\\/un-nuevo-tiempo-de-gracia-nace-la-provincia-luisa-de-marillac-brasil\\\/\",\"url\":\"https:\\\/\\\/filles-de-la-charite.org\\\/pt-pt\\\/un-nuevo-tiempo-de-gracia-nace-la-provincia-luisa-de-marillac-brasil\\\/\",\"name\":\"Um Novo Tempo de Gra\u00e7a: nasce a Prov\u00edncia Lu\u00edsa de Marillac \u2013 Brasil - Filles de la Charit\u00e9\",\"isPartOf\":{\"@id\":\"https:\\\/\\\/filles-de-la-charite.org\\\/pt-pt\\\/#website\"},\"primaryImageOfPage\":{\"@id\":\"https:\\\/\\\/filles-de-la-charite.org\\\/pt-pt\\\/un-nuevo-tiempo-de-gracia-nace-la-provincia-luisa-de-marillac-brasil\\\/#primaryimage\"},\"image\":{\"@id\":\"https:\\\/\\\/filles-de-la-charite.org\\\/pt-pt\\\/un-nuevo-tiempo-de-gracia-nace-la-provincia-luisa-de-marillac-brasil\\\/#primaryimage\"},\"thumbnailUrl\":\"https:\\\/\\\/filles-de-la-charite.org\\\/wp-content\\\/uploads\\\/2025\\\/11\\\/IMG_7275-scaled.jpg\",\"datePublished\":\"2025-11-13T16:38:23+00:00\",\"breadcrumb\":{\"@id\":\"https:\\\/\\\/filles-de-la-charite.org\\\/pt-pt\\\/un-nuevo-tiempo-de-gracia-nace-la-provincia-luisa-de-marillac-brasil\\\/#breadcrumb\"},\"inLanguage\":\"pt-PT\",\"potentialAction\":[{\"@type\":\"ReadAction\",\"target\":[\"https:\\\/\\\/filles-de-la-charite.org\\\/pt-pt\\\/un-nuevo-tiempo-de-gracia-nace-la-provincia-luisa-de-marillac-brasil\\\/\"]}]},{\"@type\":\"ImageObject\",\"inLanguage\":\"pt-PT\",\"@id\":\"https:\\\/\\\/filles-de-la-charite.org\\\/pt-pt\\\/un-nuevo-tiempo-de-gracia-nace-la-provincia-luisa-de-marillac-brasil\\\/#primaryimage\",\"url\":\"https:\\\/\\\/filles-de-la-charite.org\\\/wp-content\\\/uploads\\\/2025\\\/11\\\/IMG_7275-scaled.jpg\",\"contentUrl\":\"https:\\\/\\\/filles-de-la-charite.org\\\/wp-content\\\/uploads\\\/2025\\\/11\\\/IMG_7275-scaled.jpg\",\"width\":2560,\"height\":1707},{\"@type\":\"BreadcrumbList\",\"@id\":\"https:\\\/\\\/filles-de-la-charite.org\\\/pt-pt\\\/un-nuevo-tiempo-de-gracia-nace-la-provincia-luisa-de-marillac-brasil\\\/#breadcrumb\",\"itemListElement\":[{\"@type\":\"ListItem\",\"position\":1,\"name\":\"Brasil\",\"item\":\"https:\\\/\\\/filles-de-la-charite.org\\\/pt-pt\\\/category\\\/brasil-pt-pt\\\/\"},{\"@type\":\"ListItem\",\"position\":2,\"name\":\"Um Novo Tempo de Gra\u00e7a: nasce a Prov\u00edncia Lu\u00edsa de Marillac \u2013 Brasil\"}]},{\"@type\":\"WebSite\",\"@id\":\"https:\\\/\\\/filles-de-la-charite.org\\\/pt-pt\\\/#website\",\"url\":\"https:\\\/\\\/filles-de-la-charite.org\\\/pt-pt\\\/\",\"name\":\"Hijas de la Caridad\",\"description\":\"L\u2019amour de J\u00e9sus nous presse \u00e0 prendre soin des personnes les plus d\u00e9munies\",\"publisher\":{\"@id\":\"https:\\\/\\\/filles-de-la-charite.org\\\/pt-pt\\\/#organization\"},\"potentialAction\":[{\"@type\":\"SearchAction\",\"target\":{\"@type\":\"EntryPoint\",\"urlTemplate\":\"https:\\\/\\\/filles-de-la-charite.org\\\/pt-pt\\\/?s={search_term_string}\"},\"query-input\":{\"@type\":\"PropertyValueSpecification\",\"valueRequired\":true,\"valueName\":\"search_term_string\"}}],\"inLanguage\":\"pt-PT\"},{\"@type\":\"Organization\",\"@id\":\"https:\\\/\\\/filles-de-la-charite.org\\\/pt-pt\\\/#organization\",\"name\":\"Hijas de la Caridad\",\"url\":\"https:\\\/\\\/filles-de-la-charite.org\\\/pt-pt\\\/\",\"logo\":{\"@type\":\"ImageObject\",\"inLanguage\":\"pt-PT\",\"@id\":\"https:\\\/\\\/filles-de-la-charite.org\\\/pt-pt\\\/#\\\/schema\\\/logo\\\/image\\\/\",\"url\":\"https:\\\/\\\/filles-de-la-charite.org\\\/wp-content\\\/uploads\\\/2023\\\/03\\\/isotipo-Hijas-de-la-Caridad.png\",\"contentUrl\":\"https:\\\/\\\/filles-de-la-charite.org\\\/wp-content\\\/uploads\\\/2023\\\/03\\\/isotipo-Hijas-de-la-Caridad.png\",\"width\":1417,\"height\":1417,\"caption\":\"Hijas de la Caridad\"},\"image\":{\"@id\":\"https:\\\/\\\/filles-de-la-charite.org\\\/pt-pt\\\/#\\\/schema\\\/logo\\\/image\\\/\"}},{\"@type\":\"Person\",\"@id\":\"https:\\\/\\\/filles-de-la-charite.org\\\/pt-pt\\\/#\\\/schema\\\/person\\\/0c922b6ca71280639858d297b3a7209f\",\"name\":\"SOR MARTA\",\"image\":{\"@type\":\"ImageObject\",\"inLanguage\":\"pt-PT\",\"@id\":\"https:\\\/\\\/secure.gravatar.com\\\/avatar\\\/d2c45b0fd6bf2d3e2670ab3d112257c24ac80fa960360bba1bdc0676485d1d09?s=96&d=mm&r=g\",\"url\":\"https:\\\/\\\/secure.gravatar.com\\\/avatar\\\/d2c45b0fd6bf2d3e2670ab3d112257c24ac80fa960360bba1bdc0676485d1d09?s=96&d=mm&r=g\",\"contentUrl\":\"https:\\\/\\\/secure.gravatar.com\\\/avatar\\\/d2c45b0fd6bf2d3e2670ab3d112257c24ac80fa960360bba1bdc0676485d1d09?s=96&d=mm&r=g\",\"caption\":\"SOR MARTA\"},\"url\":\"https:\\\/\\\/filles-de-la-charite.org\\\/pt-pt\\\/author\\\/martaemn\\\/\"}]}<\/script>\n<!-- \/ Yoast SEO plugin. -->","yoast_head_json":{"title":"Um Novo Tempo de Gra\u00e7a: nasce a Prov\u00edncia Lu\u00edsa de Marillac \u2013 Brasil - Filles de la Charit\u00e9","robots":{"index":"index","follow":"follow","max-snippet":"max-snippet:-1","max-image-preview":"max-image-preview:large","max-video-preview":"max-video-preview:-1"},"canonical":"https:\/\/filles-de-la-charite.org\/pt-pt\/un-nuevo-tiempo-de-gracia-nace-la-provincia-luisa-de-marillac-brasil\/","og_locale":"pt_PT","og_type":"article","og_title":"Um Novo Tempo de Gra\u00e7a: nasce a Prov\u00edncia Lu\u00edsa de Marillac \u2013 Brasil - Filles de la Charit\u00e9","og_description":"Celebra\u00e7\u00e3o hist\u00f3rica no Santu\u00e1rio da Medalha Milagrosa No dia 19 de outubro de 2025, o Santu\u00e1rio de Nossa Senhora das Gra\u00e7as da Medalha Milagrosa, no Rio de Janeiro, acolheu com alegria, emo\u00e7\u00e3o e profunda gratid\u00e3o a Celebra\u00e7\u00e3o Eucar\u00edstica que oficializou a reconfigura\u00e7\u00e3o das Prov\u00edncias do Rio de Janeiro e de Belo Horizonte. Esse momento hist\u00f3rico [&hellip;]","og_url":"https:\/\/filles-de-la-charite.org\/pt-pt\/un-nuevo-tiempo-de-gracia-nace-la-provincia-luisa-de-marillac-brasil\/","og_site_name":"Filles de la Charit\u00e9","article_published_time":"2025-11-13T16:38:23+00:00","og_image":[{"width":2560,"height":1707,"url":"https:\/\/filles-de-la-charite.org\/wp-content\/uploads\/2025\/11\/IMG_7275-scaled.jpg","type":"image\/jpeg"}],"author":"SOR MARTA","twitter_card":"summary_large_image","twitter_misc":{"Escrito por":"SOR MARTA","Tempo estimado de leitura":"6 minutos"},"schema":{"@context":"https:\/\/schema.org","@graph":[{"@type":"Article","@id":"https:\/\/filles-de-la-charite.org\/pt-pt\/un-nuevo-tiempo-de-gracia-nace-la-provincia-luisa-de-marillac-brasil\/#article","isPartOf":{"@id":"https:\/\/filles-de-la-charite.org\/pt-pt\/un-nuevo-tiempo-de-gracia-nace-la-provincia-luisa-de-marillac-brasil\/"},"author":{"name":"SOR MARTA","@id":"https:\/\/filles-de-la-charite.org\/pt-pt\/#\/schema\/person\/0c922b6ca71280639858d297b3a7209f"},"headline":"Um Novo Tempo de Gra\u00e7a: nasce a Prov\u00edncia Lu\u00edsa de Marillac \u2013 Brasil","datePublished":"2025-11-13T16:38:23+00:00","mainEntityOfPage":{"@id":"https:\/\/filles-de-la-charite.org\/pt-pt\/un-nuevo-tiempo-de-gracia-nace-la-provincia-luisa-de-marillac-brasil\/"},"wordCount":1053,"publisher":{"@id":"https:\/\/filles-de-la-charite.org\/pt-pt\/#organization"},"image":{"@id":"https:\/\/filles-de-la-charite.org\/pt-pt\/un-nuevo-tiempo-de-gracia-nace-la-provincia-luisa-de-marillac-brasil\/#primaryimage"},"thumbnailUrl":"https:\/\/filles-de-la-charite.org\/wp-content\/uploads\/2025\/11\/IMG_7275-scaled.jpg","articleSection":["Brasil"],"inLanguage":"pt-PT"},{"@type":"WebPage","@id":"https:\/\/filles-de-la-charite.org\/pt-pt\/un-nuevo-tiempo-de-gracia-nace-la-provincia-luisa-de-marillac-brasil\/","url":"https:\/\/filles-de-la-charite.org\/pt-pt\/un-nuevo-tiempo-de-gracia-nace-la-provincia-luisa-de-marillac-brasil\/","name":"Um Novo Tempo de Gra\u00e7a: nasce a Prov\u00edncia Lu\u00edsa de Marillac \u2013 Brasil - Filles de la Charit\u00e9","isPartOf":{"@id":"https:\/\/filles-de-la-charite.org\/pt-pt\/#website"},"primaryImageOfPage":{"@id":"https:\/\/filles-de-la-charite.org\/pt-pt\/un-nuevo-tiempo-de-gracia-nace-la-provincia-luisa-de-marillac-brasil\/#primaryimage"},"image":{"@id":"https:\/\/filles-de-la-charite.org\/pt-pt\/un-nuevo-tiempo-de-gracia-nace-la-provincia-luisa-de-marillac-brasil\/#primaryimage"},"thumbnailUrl":"https:\/\/filles-de-la-charite.org\/wp-content\/uploads\/2025\/11\/IMG_7275-scaled.jpg","datePublished":"2025-11-13T16:38:23+00:00","breadcrumb":{"@id":"https:\/\/filles-de-la-charite.org\/pt-pt\/un-nuevo-tiempo-de-gracia-nace-la-provincia-luisa-de-marillac-brasil\/#breadcrumb"},"inLanguage":"pt-PT","potentialAction":[{"@type":"ReadAction","target":["https:\/\/filles-de-la-charite.org\/pt-pt\/un-nuevo-tiempo-de-gracia-nace-la-provincia-luisa-de-marillac-brasil\/"]}]},{"@type":"ImageObject","inLanguage":"pt-PT","@id":"https:\/\/filles-de-la-charite.org\/pt-pt\/un-nuevo-tiempo-de-gracia-nace-la-provincia-luisa-de-marillac-brasil\/#primaryimage","url":"https:\/\/filles-de-la-charite.org\/wp-content\/uploads\/2025\/11\/IMG_7275-scaled.jpg","contentUrl":"https:\/\/filles-de-la-charite.org\/wp-content\/uploads\/2025\/11\/IMG_7275-scaled.jpg","width":2560,"height":1707},{"@type":"BreadcrumbList","@id":"https:\/\/filles-de-la-charite.org\/pt-pt\/un-nuevo-tiempo-de-gracia-nace-la-provincia-luisa-de-marillac-brasil\/#breadcrumb","itemListElement":[{"@type":"ListItem","position":1,"name":"Brasil","item":"https:\/\/filles-de-la-charite.org\/pt-pt\/category\/brasil-pt-pt\/"},{"@type":"ListItem","position":2,"name":"Um Novo Tempo de Gra\u00e7a: nasce a Prov\u00edncia Lu\u00edsa de Marillac \u2013 Brasil"}]},{"@type":"WebSite","@id":"https:\/\/filles-de-la-charite.org\/pt-pt\/#website","url":"https:\/\/filles-de-la-charite.org\/pt-pt\/","name":"Hijas de la Caridad","description":"L\u2019amour de J\u00e9sus nous presse \u00e0 prendre soin des personnes les plus d\u00e9munies","publisher":{"@id":"https:\/\/filles-de-la-charite.org\/pt-pt\/#organization"},"potentialAction":[{"@type":"SearchAction","target":{"@type":"EntryPoint","urlTemplate":"https:\/\/filles-de-la-charite.org\/pt-pt\/?s={search_term_string}"},"query-input":{"@type":"PropertyValueSpecification","valueRequired":true,"valueName":"search_term_string"}}],"inLanguage":"pt-PT"},{"@type":"Organization","@id":"https:\/\/filles-de-la-charite.org\/pt-pt\/#organization","name":"Hijas de la Caridad","url":"https:\/\/filles-de-la-charite.org\/pt-pt\/","logo":{"@type":"ImageObject","inLanguage":"pt-PT","@id":"https:\/\/filles-de-la-charite.org\/pt-pt\/#\/schema\/logo\/image\/","url":"https:\/\/filles-de-la-charite.org\/wp-content\/uploads\/2023\/03\/isotipo-Hijas-de-la-Caridad.png","contentUrl":"https:\/\/filles-de-la-charite.org\/wp-content\/uploads\/2023\/03\/isotipo-Hijas-de-la-Caridad.png","width":1417,"height":1417,"caption":"Hijas de la Caridad"},"image":{"@id":"https:\/\/filles-de-la-charite.org\/pt-pt\/#\/schema\/logo\/image\/"}},{"@type":"Person","@id":"https:\/\/filles-de-la-charite.org\/pt-pt\/#\/schema\/person\/0c922b6ca71280639858d297b3a7209f","name":"SOR MARTA","image":{"@type":"ImageObject","inLanguage":"pt-PT","@id":"https:\/\/secure.gravatar.com\/avatar\/d2c45b0fd6bf2d3e2670ab3d112257c24ac80fa960360bba1bdc0676485d1d09?s=96&d=mm&r=g","url":"https:\/\/secure.gravatar.com\/avatar\/d2c45b0fd6bf2d3e2670ab3d112257c24ac80fa960360bba1bdc0676485d1d09?s=96&d=mm&r=g","contentUrl":"https:\/\/secure.gravatar.com\/avatar\/d2c45b0fd6bf2d3e2670ab3d112257c24ac80fa960360bba1bdc0676485d1d09?s=96&d=mm&r=g","caption":"SOR MARTA"},"url":"https:\/\/filles-de-la-charite.org\/pt-pt\/author\/martaemn\/"}]}},"_links":{"self":[{"href":"https:\/\/filles-de-la-charite.org\/pt-pt\/wp-json\/wp\/v2\/posts\/47879","targetHints":{"allow":["GET"]}}],"collection":[{"href":"https:\/\/filles-de-la-charite.org\/pt-pt\/wp-json\/wp\/v2\/posts"}],"about":[{"href":"https:\/\/filles-de-la-charite.org\/pt-pt\/wp-json\/wp\/v2\/types\/post"}],"author":[{"embeddable":true,"href":"https:\/\/filles-de-la-charite.org\/pt-pt\/wp-json\/wp\/v2\/users\/5"}],"replies":[{"embeddable":true,"href":"https:\/\/filles-de-la-charite.org\/pt-pt\/wp-json\/wp\/v2\/comments?post=47879"}],"version-history":[{"count":1,"href":"https:\/\/filles-de-la-charite.org\/pt-pt\/wp-json\/wp\/v2\/posts\/47879\/revisions"}],"predecessor-version":[{"id":47892,"href":"https:\/\/filles-de-la-charite.org\/pt-pt\/wp-json\/wp\/v2\/posts\/47879\/revisions\/47892"}],"wp:featuredmedia":[{"embeddable":true,"href":"https:\/\/filles-de-la-charite.org\/pt-pt\/wp-json\/wp\/v2\/media\/47880"}],"wp:attachment":[{"href":"https:\/\/filles-de-la-charite.org\/pt-pt\/wp-json\/wp\/v2\/media?parent=47879"}],"wp:term":[{"taxonomy":"category","embeddable":true,"href":"https:\/\/filles-de-la-charite.org\/pt-pt\/wp-json\/wp\/v2\/categories?post=47879"},{"taxonomy":"post_tag","embeddable":true,"href":"https:\/\/filles-de-la-charite.org\/pt-pt\/wp-json\/wp\/v2\/tags?post=47879"}],"curies":[{"name":"wp","href":"https:\/\/api.w.org\/{rel}","templated":true}]}}