{"id":48214,"date":"2025-12-18T20:08:21","date_gmt":"2025-12-18T19:08:21","guid":{"rendered":"https:\/\/filles-de-la-charite.org\/encuentro-de-la-comision-internacional-de-finanzas\/"},"modified":"2025-12-24T10:39:15","modified_gmt":"2025-12-24T09:39:15","slug":"encuentro-de-la-comision-internacional-de-finanzas","status":"publish","type":"post","link":"https:\/\/filles-de-la-charite.org\/pt-pt\/encuentro-de-la-comision-internacional-de-finanzas\/","title":{"rendered":"Reuni\u00e3o da Comiss\u00e3o Internacional de Finan\u00e7as"},"content":{"rendered":"\n<p>Entre os dias 3 e 6 de dezembro, a Comiss\u00e3o Internacional de Finan\u00e7as reuniu-se na Casa M\u00e3e para o segundo encontro anual. O clima foi marcado pelo esp\u00edrito de servi\u00e7o e comunh\u00e3o, especialmente com a chegada dos novos membros, recentemente nomeados pelo Conselho Geral, que foram acolhidos e integrados na miss\u00e3o da Comiss\u00e3o.<\/p>\n\n\n\n<figure class=\"wp-block-image size-large\"><img loading=\"lazy\" decoding=\"async\" width=\"1024\" height=\"709\" src=\"https:\/\/filles-de-la-charite.org\/wp-content\/uploads\/2025\/12\/CIF-1-1024x709.jpg\" alt=\"\" class=\"wp-image-48190\" srcset=\"https:\/\/filles-de-la-charite.org\/wp-content\/uploads\/2025\/12\/CIF-1-980x679.jpg 980w, https:\/\/filles-de-la-charite.org\/wp-content\/uploads\/2025\/12\/CIF-1-480x332.jpg 480w\" sizes=\"(min-width: 0px) and (max-width: 480px) 480px, (min-width: 481px) and (max-width: 980px) 980px, (min-width: 981px) 1024px, 100vw\" \/><\/figure>\n\n\n\n<p>O encerramento aconteceu no domingo, 7 de dezembro, com uma peregrina\u00e7\u00e3o \u00e0 Catedral de Notre-Dame de Paris. O momento de ora\u00e7\u00e3o e a\u00e7\u00e3o de gra\u00e7as foi dedicado a confiar a Deus os frutos dos dias de trabalho e os projetos futuros.<\/p>\n\n\n\n<figure class=\"wp-block-image size-large\"><img loading=\"lazy\" decoding=\"async\" width=\"1024\" height=\"681\" src=\"https:\/\/filles-de-la-charite.org\/wp-content\/uploads\/2025\/12\/DSC_0064-1024x681.jpg\" alt=\"\" class=\"wp-image-48188\" srcset=\"https:\/\/filles-de-la-charite.org\/wp-content\/uploads\/2025\/12\/DSC_0064-980x652.jpg 980w, https:\/\/filles-de-la-charite.org\/wp-content\/uploads\/2025\/12\/DSC_0064-480x319.jpg 480w\" sizes=\"(min-width: 0px) and (max-width: 480px) 480px, (min-width: 481px) and (max-width: 980px) 980px, (min-width: 981px) 1024px, 100vw\" \/><\/figure>\n\n\n\n<p><strong>Estrutura da Comiss\u00e3o<\/strong><\/p>\n\n\n\n<p>A Comiss\u00e3o Internacional de Finan\u00e7as (CIF) \u00e9 composta por cinco membros, incluindo a Ec\u00f4noma Geral. As Irm\u00e3s oferecem apoio regular e especializado, sobretudo na an\u00e1lise das contas das Prov\u00edncias.<\/p>\n\n\n\n<p><strong>A nova composi\u00e7\u00e3o \u00e9 a seguinte:<\/strong><\/p>\n\n\n\n<ul class=\"wp-block-list\">\n<li>Irm\u00e3 Stella MAMEH (Quase-Prov\u00edncia, origin\u00e1ria da Prov\u00edncia da Nig\u00e9ria)<\/li>\n\n\n\n<li>Irm\u00e3 Th\u00e9odosie NYIRAHAGENIMANA (Prov\u00edncia da \u00c1frica Central)<\/li>\n\n\n\n<li>Irm\u00e3 Katarzyna POSPIESZYNSKA (Quase-Prov\u00edncia, origin\u00e1ria da Prov\u00edncia de Che\u0142mno-Pozna\u0144)<\/li>\n\n\n\n<li>Irm\u00e3 Alicia Yanina VIDAL QUIJANO (Quase-Prov\u00edncia, origin\u00e1ria da Prov\u00edncia do Peru)<\/li>\n<\/ul>\n\n\n\n<p><strong>Gratid\u00e3o \u00e0s que serviram<\/strong><\/p>\n\n\n\n<p>Agradecemos profundamente as Irm\u00e3s Purita ESPALDON (Prov\u00edncia St. Louise de Marillac-\u00c1sia), Inmaculada LADRERO (Prov\u00edncia Espanha-Este) e S\u00f4nia SANTOS (Prov\u00edncia de Recife), que dedicaram muitos anos de servi\u00e7o e compet\u00eancia a esta miss\u00e3o.<\/p>\n\n\n\n<figure class=\"wp-block-image size-large\"><img loading=\"lazy\" decoding=\"async\" width=\"1024\" height=\"720\" src=\"https:\/\/filles-de-la-charite.org\/wp-content\/uploads\/2025\/12\/CIF-4-1024x720.jpg\" alt=\"\" class=\"wp-image-48185\" srcset=\"https:\/\/filles-de-la-charite.org\/wp-content\/uploads\/2025\/12\/CIF-4-980x689.jpg 980w, https:\/\/filles-de-la-charite.org\/wp-content\/uploads\/2025\/12\/CIF-4-480x338.jpg 480w\" sizes=\"(min-width: 0px) and (max-width: 480px) 480px, (min-width: 481px) and (max-width: 980px) 980px, (min-width: 981px) 1024px, 100vw\" \/><\/figure>\n","protected":false},"excerpt":{"rendered":"<p>Entre os dias 3 e 6 de dezembro, a Comiss\u00e3o Internacional de Finan\u00e7as reuniu-se na Casa M\u00e3e para o segundo encontro anual. O clima foi marcado pelo esp\u00edrito de servi\u00e7o e comunh\u00e3o, especialmente com a chegada dos novos membros, recentemente nomeados pelo Conselho Geral, que foram acolhidos e integrados na miss\u00e3o da Comiss\u00e3o. O encerramento [&hellip;]<\/p>\n","protected":false},"author":5,"featured_media":48215,"comment_status":"closed","ping_status":"closed","sticky":false,"template":"","format":"standard","meta":{"_acf_changed":false,"footnotes":"","_links_to":"","_links_to_target":""},"categories":[845],"tags":[],"class_list":["post-48214","post","type-post","status-publish","format-standard","has-post-thumbnail","hentry","category-internacional-pt-pt"],"acf":[],"yoast_head":"<!-- This site is optimized with the Yoast SEO plugin v27.5 - https:\/\/yoast.com\/product\/yoast-seo-wordpress\/ -->\n<title>Reuni\u00e3o da Comiss\u00e3o Internacional de Finan\u00e7as - Filles de la Charit\u00e9<\/title>\n<meta name=\"robots\" content=\"index, follow, max-snippet:-1, max-image-preview:large, max-video-preview:-1\" \/>\n<link rel=\"canonical\" href=\"https:\/\/filles-de-la-charite.org\/pt-pt\/encuentro-de-la-comision-internacional-de-finanzas\/\" \/>\n<meta property=\"og:locale\" content=\"pt_PT\" \/>\n<meta property=\"og:type\" content=\"article\" \/>\n<meta property=\"og:title\" content=\"Reuni\u00e3o da Comiss\u00e3o Internacional de Finan\u00e7as - Filles de la Charit\u00e9\" \/>\n<meta property=\"og:description\" content=\"Entre os dias 3 e 6 de dezembro, a Comiss\u00e3o Internacional de Finan\u00e7as reuniu-se na Casa M\u00e3e para o segundo encontro anual. O clima foi marcado pelo esp\u00edrito de servi\u00e7o e comunh\u00e3o, especialmente com a chegada dos novos membros, recentemente nomeados pelo Conselho Geral, que foram acolhidos e integrados na miss\u00e3o da Comiss\u00e3o. O encerramento [&hellip;]\" \/>\n<meta property=\"og:url\" content=\"https:\/\/filles-de-la-charite.org\/pt-pt\/encuentro-de-la-comision-internacional-de-finanzas\/\" \/>\n<meta property=\"og:site_name\" content=\"Filles de la Charit\u00e9\" \/>\n<meta property=\"article:published_time\" content=\"2025-12-18T19:08:21+00:00\" \/>\n<meta property=\"article:modified_time\" content=\"2025-12-24T09:39:15+00:00\" \/>\n<meta property=\"og:image\" content=\"https:\/\/filles-de-la-charite.org\/wp-content\/uploads\/2025\/12\/DSC_0076-scaled.jpg\" \/>\n\t<meta property=\"og:image:width\" content=\"2560\" \/>\n\t<meta property=\"og:image:height\" content=\"1702\" \/>\n\t<meta property=\"og:image:type\" content=\"image\/jpeg\" \/>\n<meta name=\"author\" content=\"SOR MARTA\" \/>\n<meta name=\"twitter:card\" content=\"summary_large_image\" \/>\n<meta name=\"twitter:label1\" content=\"Escrito por\" \/>\n\t<meta name=\"twitter:data1\" content=\"SOR MARTA\" \/>\n\t<meta name=\"twitter:label2\" content=\"Tempo estimado de leitura\" \/>\n\t<meta name=\"twitter:data2\" content=\"2 minutos\" \/>\n<script type=\"application\/ld+json\" class=\"yoast-schema-graph\">{\"@context\":\"https:\\\/\\\/schema.org\",\"@graph\":[{\"@type\":\"Article\",\"@id\":\"https:\\\/\\\/filles-de-la-charite.org\\\/pt-pt\\\/encuentro-de-la-comision-internacional-de-finanzas\\\/#article\",\"isPartOf\":{\"@id\":\"https:\\\/\\\/filles-de-la-charite.org\\\/pt-pt\\\/encuentro-de-la-comision-internacional-de-finanzas\\\/\"},\"author\":{\"name\":\"SOR MARTA\",\"@id\":\"https:\\\/\\\/filles-de-la-charite.org\\\/pt-pt\\\/#\\\/schema\\\/person\\\/0c922b6ca71280639858d297b3a7209f\"},\"headline\":\"Reuni\u00e3o da Comiss\u00e3o Internacional de Finan\u00e7as\",\"datePublished\":\"2025-12-18T19:08:21+00:00\",\"dateModified\":\"2025-12-24T09:39:15+00:00\",\"mainEntityOfPage\":{\"@id\":\"https:\\\/\\\/filles-de-la-charite.org\\\/pt-pt\\\/encuentro-de-la-comision-internacional-de-finanzas\\\/\"},\"wordCount\":250,\"publisher\":{\"@id\":\"https:\\\/\\\/filles-de-la-charite.org\\\/pt-pt\\\/#organization\"},\"image\":{\"@id\":\"https:\\\/\\\/filles-de-la-charite.org\\\/pt-pt\\\/encuentro-de-la-comision-internacional-de-finanzas\\\/#primaryimage\"},\"thumbnailUrl\":\"https:\\\/\\\/filles-de-la-charite.org\\\/wp-content\\\/uploads\\\/2025\\\/12\\\/DSC_0076-scaled.jpg\",\"articleSection\":[\"Internacional\"],\"inLanguage\":\"pt-PT\"},{\"@type\":\"WebPage\",\"@id\":\"https:\\\/\\\/filles-de-la-charite.org\\\/pt-pt\\\/encuentro-de-la-comision-internacional-de-finanzas\\\/\",\"url\":\"https:\\\/\\\/filles-de-la-charite.org\\\/pt-pt\\\/encuentro-de-la-comision-internacional-de-finanzas\\\/\",\"name\":\"Reuni\u00e3o da Comiss\u00e3o Internacional de Finan\u00e7as - Filles de la Charit\u00e9\",\"isPartOf\":{\"@id\":\"https:\\\/\\\/filles-de-la-charite.org\\\/pt-pt\\\/#website\"},\"primaryImageOfPage\":{\"@id\":\"https:\\\/\\\/filles-de-la-charite.org\\\/pt-pt\\\/encuentro-de-la-comision-internacional-de-finanzas\\\/#primaryimage\"},\"image\":{\"@id\":\"https:\\\/\\\/filles-de-la-charite.org\\\/pt-pt\\\/encuentro-de-la-comision-internacional-de-finanzas\\\/#primaryimage\"},\"thumbnailUrl\":\"https:\\\/\\\/filles-de-la-charite.org\\\/wp-content\\\/uploads\\\/2025\\\/12\\\/DSC_0076-scaled.jpg\",\"datePublished\":\"2025-12-18T19:08:21+00:00\",\"dateModified\":\"2025-12-24T09:39:15+00:00\",\"breadcrumb\":{\"@id\":\"https:\\\/\\\/filles-de-la-charite.org\\\/pt-pt\\\/encuentro-de-la-comision-internacional-de-finanzas\\\/#breadcrumb\"},\"inLanguage\":\"pt-PT\",\"potentialAction\":[{\"@type\":\"ReadAction\",\"target\":[\"https:\\\/\\\/filles-de-la-charite.org\\\/pt-pt\\\/encuentro-de-la-comision-internacional-de-finanzas\\\/\"]}]},{\"@type\":\"ImageObject\",\"inLanguage\":\"pt-PT\",\"@id\":\"https:\\\/\\\/filles-de-la-charite.org\\\/pt-pt\\\/encuentro-de-la-comision-internacional-de-finanzas\\\/#primaryimage\",\"url\":\"https:\\\/\\\/filles-de-la-charite.org\\\/wp-content\\\/uploads\\\/2025\\\/12\\\/DSC_0076-scaled.jpg\",\"contentUrl\":\"https:\\\/\\\/filles-de-la-charite.org\\\/wp-content\\\/uploads\\\/2025\\\/12\\\/DSC_0076-scaled.jpg\",\"width\":2560,\"height\":1702},{\"@type\":\"BreadcrumbList\",\"@id\":\"https:\\\/\\\/filles-de-la-charite.org\\\/pt-pt\\\/encuentro-de-la-comision-internacional-de-finanzas\\\/#breadcrumb\",\"itemListElement\":[{\"@type\":\"ListItem\",\"position\":1,\"name\":\"Internacional\",\"item\":\"https:\\\/\\\/filles-de-la-charite.org\\\/pt-pt\\\/category\\\/internacional-pt-pt\\\/\"},{\"@type\":\"ListItem\",\"position\":2,\"name\":\"Reuni\u00e3o da Comiss\u00e3o Internacional de Finan\u00e7as\"}]},{\"@type\":\"WebSite\",\"@id\":\"https:\\\/\\\/filles-de-la-charite.org\\\/pt-pt\\\/#website\",\"url\":\"https:\\\/\\\/filles-de-la-charite.org\\\/pt-pt\\\/\",\"name\":\"Hijas de la Caridad\",\"description\":\"L\u2019amour de J\u00e9sus nous presse \u00e0 prendre soin des personnes les plus d\u00e9munies\",\"publisher\":{\"@id\":\"https:\\\/\\\/filles-de-la-charite.org\\\/pt-pt\\\/#organization\"},\"potentialAction\":[{\"@type\":\"SearchAction\",\"target\":{\"@type\":\"EntryPoint\",\"urlTemplate\":\"https:\\\/\\\/filles-de-la-charite.org\\\/pt-pt\\\/?s={search_term_string}\"},\"query-input\":{\"@type\":\"PropertyValueSpecification\",\"valueRequired\":true,\"valueName\":\"search_term_string\"}}],\"inLanguage\":\"pt-PT\"},{\"@type\":\"Organization\",\"@id\":\"https:\\\/\\\/filles-de-la-charite.org\\\/pt-pt\\\/#organization\",\"name\":\"Hijas de la Caridad\",\"url\":\"https:\\\/\\\/filles-de-la-charite.org\\\/pt-pt\\\/\",\"logo\":{\"@type\":\"ImageObject\",\"inLanguage\":\"pt-PT\",\"@id\":\"https:\\\/\\\/filles-de-la-charite.org\\\/pt-pt\\\/#\\\/schema\\\/logo\\\/image\\\/\",\"url\":\"https:\\\/\\\/filles-de-la-charite.org\\\/wp-content\\\/uploads\\\/2023\\\/03\\\/isotipo-Hijas-de-la-Caridad.png\",\"contentUrl\":\"https:\\\/\\\/filles-de-la-charite.org\\\/wp-content\\\/uploads\\\/2023\\\/03\\\/isotipo-Hijas-de-la-Caridad.png\",\"width\":1417,\"height\":1417,\"caption\":\"Hijas de la Caridad\"},\"image\":{\"@id\":\"https:\\\/\\\/filles-de-la-charite.org\\\/pt-pt\\\/#\\\/schema\\\/logo\\\/image\\\/\"}},{\"@type\":\"Person\",\"@id\":\"https:\\\/\\\/filles-de-la-charite.org\\\/pt-pt\\\/#\\\/schema\\\/person\\\/0c922b6ca71280639858d297b3a7209f\",\"name\":\"SOR MARTA\",\"image\":{\"@type\":\"ImageObject\",\"inLanguage\":\"pt-PT\",\"@id\":\"https:\\\/\\\/secure.gravatar.com\\\/avatar\\\/d2c45b0fd6bf2d3e2670ab3d112257c24ac80fa960360bba1bdc0676485d1d09?s=96&d=mm&r=g\",\"url\":\"https:\\\/\\\/secure.gravatar.com\\\/avatar\\\/d2c45b0fd6bf2d3e2670ab3d112257c24ac80fa960360bba1bdc0676485d1d09?s=96&d=mm&r=g\",\"contentUrl\":\"https:\\\/\\\/secure.gravatar.com\\\/avatar\\\/d2c45b0fd6bf2d3e2670ab3d112257c24ac80fa960360bba1bdc0676485d1d09?s=96&d=mm&r=g\",\"caption\":\"SOR MARTA\"},\"url\":\"https:\\\/\\\/filles-de-la-charite.org\\\/pt-pt\\\/author\\\/martaemn\\\/\"}]}<\/script>\n<!-- \/ Yoast SEO plugin. -->","yoast_head_json":{"title":"Reuni\u00e3o da Comiss\u00e3o Internacional de Finan\u00e7as - Filles de la Charit\u00e9","robots":{"index":"index","follow":"follow","max-snippet":"max-snippet:-1","max-image-preview":"max-image-preview:large","max-video-preview":"max-video-preview:-1"},"canonical":"https:\/\/filles-de-la-charite.org\/pt-pt\/encuentro-de-la-comision-internacional-de-finanzas\/","og_locale":"pt_PT","og_type":"article","og_title":"Reuni\u00e3o da Comiss\u00e3o Internacional de Finan\u00e7as - Filles de la Charit\u00e9","og_description":"Entre os dias 3 e 6 de dezembro, a Comiss\u00e3o Internacional de Finan\u00e7as reuniu-se na Casa M\u00e3e para o segundo encontro anual. O clima foi marcado pelo esp\u00edrito de servi\u00e7o e comunh\u00e3o, especialmente com a chegada dos novos membros, recentemente nomeados pelo Conselho Geral, que foram acolhidos e integrados na miss\u00e3o da Comiss\u00e3o. O encerramento [&hellip;]","og_url":"https:\/\/filles-de-la-charite.org\/pt-pt\/encuentro-de-la-comision-internacional-de-finanzas\/","og_site_name":"Filles de la Charit\u00e9","article_published_time":"2025-12-18T19:08:21+00:00","article_modified_time":"2025-12-24T09:39:15+00:00","og_image":[{"width":2560,"height":1702,"url":"https:\/\/filles-de-la-charite.org\/wp-content\/uploads\/2025\/12\/DSC_0076-scaled.jpg","type":"image\/jpeg"}],"author":"SOR MARTA","twitter_card":"summary_large_image","twitter_misc":{"Escrito por":"SOR MARTA","Tempo estimado de leitura":"2 minutos"},"schema":{"@context":"https:\/\/schema.org","@graph":[{"@type":"Article","@id":"https:\/\/filles-de-la-charite.org\/pt-pt\/encuentro-de-la-comision-internacional-de-finanzas\/#article","isPartOf":{"@id":"https:\/\/filles-de-la-charite.org\/pt-pt\/encuentro-de-la-comision-internacional-de-finanzas\/"},"author":{"name":"SOR MARTA","@id":"https:\/\/filles-de-la-charite.org\/pt-pt\/#\/schema\/person\/0c922b6ca71280639858d297b3a7209f"},"headline":"Reuni\u00e3o da Comiss\u00e3o Internacional de Finan\u00e7as","datePublished":"2025-12-18T19:08:21+00:00","dateModified":"2025-12-24T09:39:15+00:00","mainEntityOfPage":{"@id":"https:\/\/filles-de-la-charite.org\/pt-pt\/encuentro-de-la-comision-internacional-de-finanzas\/"},"wordCount":250,"publisher":{"@id":"https:\/\/filles-de-la-charite.org\/pt-pt\/#organization"},"image":{"@id":"https:\/\/filles-de-la-charite.org\/pt-pt\/encuentro-de-la-comision-internacional-de-finanzas\/#primaryimage"},"thumbnailUrl":"https:\/\/filles-de-la-charite.org\/wp-content\/uploads\/2025\/12\/DSC_0076-scaled.jpg","articleSection":["Internacional"],"inLanguage":"pt-PT"},{"@type":"WebPage","@id":"https:\/\/filles-de-la-charite.org\/pt-pt\/encuentro-de-la-comision-internacional-de-finanzas\/","url":"https:\/\/filles-de-la-charite.org\/pt-pt\/encuentro-de-la-comision-internacional-de-finanzas\/","name":"Reuni\u00e3o da Comiss\u00e3o Internacional de Finan\u00e7as - Filles de la Charit\u00e9","isPartOf":{"@id":"https:\/\/filles-de-la-charite.org\/pt-pt\/#website"},"primaryImageOfPage":{"@id":"https:\/\/filles-de-la-charite.org\/pt-pt\/encuentro-de-la-comision-internacional-de-finanzas\/#primaryimage"},"image":{"@id":"https:\/\/filles-de-la-charite.org\/pt-pt\/encuentro-de-la-comision-internacional-de-finanzas\/#primaryimage"},"thumbnailUrl":"https:\/\/filles-de-la-charite.org\/wp-content\/uploads\/2025\/12\/DSC_0076-scaled.jpg","datePublished":"2025-12-18T19:08:21+00:00","dateModified":"2025-12-24T09:39:15+00:00","breadcrumb":{"@id":"https:\/\/filles-de-la-charite.org\/pt-pt\/encuentro-de-la-comision-internacional-de-finanzas\/#breadcrumb"},"inLanguage":"pt-PT","potentialAction":[{"@type":"ReadAction","target":["https:\/\/filles-de-la-charite.org\/pt-pt\/encuentro-de-la-comision-internacional-de-finanzas\/"]}]},{"@type":"ImageObject","inLanguage":"pt-PT","@id":"https:\/\/filles-de-la-charite.org\/pt-pt\/encuentro-de-la-comision-internacional-de-finanzas\/#primaryimage","url":"https:\/\/filles-de-la-charite.org\/wp-content\/uploads\/2025\/12\/DSC_0076-scaled.jpg","contentUrl":"https:\/\/filles-de-la-charite.org\/wp-content\/uploads\/2025\/12\/DSC_0076-scaled.jpg","width":2560,"height":1702},{"@type":"BreadcrumbList","@id":"https:\/\/filles-de-la-charite.org\/pt-pt\/encuentro-de-la-comision-internacional-de-finanzas\/#breadcrumb","itemListElement":[{"@type":"ListItem","position":1,"name":"Internacional","item":"https:\/\/filles-de-la-charite.org\/pt-pt\/category\/internacional-pt-pt\/"},{"@type":"ListItem","position":2,"name":"Reuni\u00e3o da Comiss\u00e3o Internacional de Finan\u00e7as"}]},{"@type":"WebSite","@id":"https:\/\/filles-de-la-charite.org\/pt-pt\/#website","url":"https:\/\/filles-de-la-charite.org\/pt-pt\/","name":"Hijas de la Caridad","description":"L\u2019amour de J\u00e9sus nous presse \u00e0 prendre soin des personnes les plus d\u00e9munies","publisher":{"@id":"https:\/\/filles-de-la-charite.org\/pt-pt\/#organization"},"potentialAction":[{"@type":"SearchAction","target":{"@type":"EntryPoint","urlTemplate":"https:\/\/filles-de-la-charite.org\/pt-pt\/?s={search_term_string}"},"query-input":{"@type":"PropertyValueSpecification","valueRequired":true,"valueName":"search_term_string"}}],"inLanguage":"pt-PT"},{"@type":"Organization","@id":"https:\/\/filles-de-la-charite.org\/pt-pt\/#organization","name":"Hijas de la Caridad","url":"https:\/\/filles-de-la-charite.org\/pt-pt\/","logo":{"@type":"ImageObject","inLanguage":"pt-PT","@id":"https:\/\/filles-de-la-charite.org\/pt-pt\/#\/schema\/logo\/image\/","url":"https:\/\/filles-de-la-charite.org\/wp-content\/uploads\/2023\/03\/isotipo-Hijas-de-la-Caridad.png","contentUrl":"https:\/\/filles-de-la-charite.org\/wp-content\/uploads\/2023\/03\/isotipo-Hijas-de-la-Caridad.png","width":1417,"height":1417,"caption":"Hijas de la Caridad"},"image":{"@id":"https:\/\/filles-de-la-charite.org\/pt-pt\/#\/schema\/logo\/image\/"}},{"@type":"Person","@id":"https:\/\/filles-de-la-charite.org\/pt-pt\/#\/schema\/person\/0c922b6ca71280639858d297b3a7209f","name":"SOR MARTA","image":{"@type":"ImageObject","inLanguage":"pt-PT","@id":"https:\/\/secure.gravatar.com\/avatar\/d2c45b0fd6bf2d3e2670ab3d112257c24ac80fa960360bba1bdc0676485d1d09?s=96&d=mm&r=g","url":"https:\/\/secure.gravatar.com\/avatar\/d2c45b0fd6bf2d3e2670ab3d112257c24ac80fa960360bba1bdc0676485d1d09?s=96&d=mm&r=g","contentUrl":"https:\/\/secure.gravatar.com\/avatar\/d2c45b0fd6bf2d3e2670ab3d112257c24ac80fa960360bba1bdc0676485d1d09?s=96&d=mm&r=g","caption":"SOR MARTA"},"url":"https:\/\/filles-de-la-charite.org\/pt-pt\/author\/martaemn\/"}]}},"_links":{"self":[{"href":"https:\/\/filles-de-la-charite.org\/pt-pt\/wp-json\/wp\/v2\/posts\/48214","targetHints":{"allow":["GET"]}}],"collection":[{"href":"https:\/\/filles-de-la-charite.org\/pt-pt\/wp-json\/wp\/v2\/posts"}],"about":[{"href":"https:\/\/filles-de-la-charite.org\/pt-pt\/wp-json\/wp\/v2\/types\/post"}],"author":[{"embeddable":true,"href":"https:\/\/filles-de-la-charite.org\/pt-pt\/wp-json\/wp\/v2\/users\/5"}],"replies":[{"embeddable":true,"href":"https:\/\/filles-de-la-charite.org\/pt-pt\/wp-json\/wp\/v2\/comments?post=48214"}],"version-history":[{"count":2,"href":"https:\/\/filles-de-la-charite.org\/pt-pt\/wp-json\/wp\/v2\/posts\/48214\/revisions"}],"predecessor-version":[{"id":48234,"href":"https:\/\/filles-de-la-charite.org\/pt-pt\/wp-json\/wp\/v2\/posts\/48214\/revisions\/48234"}],"wp:featuredmedia":[{"embeddable":true,"href":"https:\/\/filles-de-la-charite.org\/pt-pt\/wp-json\/wp\/v2\/media\/48215"}],"wp:attachment":[{"href":"https:\/\/filles-de-la-charite.org\/pt-pt\/wp-json\/wp\/v2\/media?parent=48214"}],"wp:term":[{"taxonomy":"category","embeddable":true,"href":"https:\/\/filles-de-la-charite.org\/pt-pt\/wp-json\/wp\/v2\/categories?post=48214"},{"taxonomy":"post_tag","embeddable":true,"href":"https:\/\/filles-de-la-charite.org\/pt-pt\/wp-json\/wp\/v2\/tags?post=48214"}],"curies":[{"name":"wp","href":"https:\/\/api.w.org\/{rel}","templated":true}]}}