{"id":48348,"date":"2026-01-04T12:11:30","date_gmt":"2026-01-04T11:11:30","guid":{"rendered":"https:\/\/filles-de-la-charite.org\/?p=48348"},"modified":"2026-01-04T12:06:42","modified_gmt":"2026-01-04T11:06:42","slug":"encuentro-europeo-de-taize-en-paris","status":"publish","type":"post","link":"https:\/\/filles-de-la-charite.org\/pt-pt\/encuentro-europeo-de-taize-en-paris\/","title":{"rendered":"Encontro Europeu de Jovens de Taiz\u00e9 em Paris"},"content":{"rendered":"\n<p>Entre os dias <strong>28 de dezembro de 2025 e 1\u00ba de janeiro de 2026<\/strong>, Paris e a regi\u00e3o da \u00cele-de-France se transformaram em um grande cora\u00e7\u00e3o pulsante de f\u00e9 e esperan\u00e7a. Foi ali que aconteceu a<strong>48\u00aa edi\u00e7\u00e3o do Encontro Europeu de Taiz\u00e9<\/strong>, reunindo cerca de quinze<strong> mil jovens<\/strong><strong> <\/strong>vindos de diferentes pa\u00edses sob o tema provocador: <em>\u201cO que voc\u00ea procura?\u201d<\/em>.<\/p>\n\n\n\n<p>Durante cinco dias, a cidade luz brilhou n\u00e3o apenas com suas avenidas iluminadas, mas sobretudo com a alegria contagiante da juventude que se encontrou para rezar, partilhar e sonhar juntos. Fam\u00edlias e par\u00f3quias abriram suas portas para receber os jovens, que viveram experi\u00eancias de proximidade e amizade. Palavras de encorajamento chegaram de todos os lados: o <strong>Papa Le\u00e3o XIV<\/strong> os convidou a mergulhar mais fundo na f\u00e9 e a viver o Evangelho nas pequenas escolhas do cotidiano. O <strong>Irm\u00e3o Matthew<\/strong>, prior de Taiz\u00e9, os inspirou a buscar o sil\u00eancio, a alegria, a justi\u00e7a, a comunidade e a paz &#8211; sementes de um mundo mais humano.<\/p>\n\n\n\n<p>A<strong>Casa-M\u00e3e das Filhas da Caridade<\/strong> foi palco de encontros especiais. Mais de noventa jovens da It\u00e1lia, Espanha e Pol\u00f4nia, acompanhados pelas Irm\u00e3s, participaram de momentos intensos: conversa com a Irm\u00e3 Fran\u00e7oise Petit, Superiora Geral; vig\u00edlia de ora\u00e7\u00e3o na Capela Nossa Senhora da Medalha Milagrosa; visita aos Arquivos e aos lugares vicentinos; partilhas em grupos, onde cada voz se tornou testemunho de f\u00e9 e esperan\u00e7a<\/p>\n\n\n\n<p>O encontro foi marcado por uma atmosfera vibrante: a seriedade dos jovens em buscar sentido para a vida e a f\u00e9 se misturava \u00e0 leveza da alegria que transbordava em cada canto. Paris se tornou, por alguns dias, um verdadeiro<strong>laborat\u00f3rio de fraternidade<\/strong>, onde a diversidade se transformou em unidade e a esperan\u00e7a ganhou rosto jovem.<\/p>\n\n\n\n<div class=\"wp-block-responsive-lightbox-gallery\"><div class=\"et_pb_slider et_pb_slider_fullwidth_off et_pb_gallery_post_type\">\n\t\t\t\t<div class=\"et_pb_slides\">\n\t\t\t\t\t<div class=\"et_pb_slide\" style=\"background: url(https:\/\/filles-de-la-charite.org\/wp-content\/uploads\/2026\/01\/WhatsApp-Image-2026-01-02-at-21.11.21-1.jpeg);\"><\/div><div class=\"et_pb_slide\" style=\"background: url(https:\/\/filles-de-la-charite.org\/wp-content\/uploads\/2026\/01\/WhatsApp-Image-2026-01-02-at-22.06.59-1.jpeg);\"><\/div><div class=\"et_pb_slide\" style=\"background: url(https:\/\/filles-de-la-charite.org\/wp-content\/uploads\/2026\/01\/WhatsApp-Image-2026-01-02-at-22.06.59-2.jpeg);\"><\/div><div class=\"et_pb_slide\" style=\"background: url(https:\/\/filles-de-la-charite.org\/wp-content\/uploads\/2026\/01\/WhatsApp-Image-2026-01-02-at-22.06.59-3.jpeg);\"><\/div><div class=\"et_pb_slide\" style=\"background: url(https:\/\/filles-de-la-charite.org\/wp-content\/uploads\/2026\/01\/WhatsApp-Image-2026-01-02-at-22.06.59.jpeg);\"><\/div><div class=\"et_pb_slide\" style=\"background: url(https:\/\/filles-de-la-charite.org\/wp-content\/uploads\/2026\/01\/WhatsApp-Image-2026-01-02-at-22.07.00-1.jpeg);\"><\/div><div class=\"et_pb_slide\" style=\"background: url(https:\/\/filles-de-la-charite.org\/wp-content\/uploads\/2026\/01\/WhatsApp-Image-2026-01-02-at-22.07.00.jpeg);\"><\/div><div class=\"et_pb_slide\" style=\"background: url(https:\/\/filles-de-la-charite.org\/wp-content\/uploads\/2026\/01\/WhatsApp-Image-2025-12-30-at-23.45.54.jpeg);\"><\/div><div class=\"et_pb_slide\" style=\"background: url(https:\/\/filles-de-la-charite.org\/wp-content\/uploads\/2026\/01\/WhatsApp-Image-2025-12-30-at-23.41.28-1.jpeg);\"><\/div><div class=\"et_pb_slide\" style=\"background: url(https:\/\/filles-de-la-charite.org\/wp-content\/uploads\/2026\/01\/WhatsApp-Image-2025-12-30-at-23.42.52.jpeg);\"><\/div><div class=\"et_pb_slide\" style=\"background: url(https:\/\/filles-de-la-charite.org\/wp-content\/uploads\/2026\/01\/WhatsApp-Image-2025-12-30-at-23.41.28.jpeg);\"><\/div><div class=\"et_pb_slide\" style=\"background: url(https:\/\/filles-de-la-charite.org\/wp-content\/uploads\/2026\/01\/WhatsApp-Image-2026-01-05-at-10.37.46-2.jpeg);\"><\/div><div class=\"et_pb_slide\" style=\"background: url(https:\/\/filles-de-la-charite.org\/wp-content\/uploads\/2026\/01\/WhatsApp-Image-2026-01-05-at-10.37.46-3.jpeg);\"><\/div><div class=\"et_pb_slide\" style=\"background: url(https:\/\/filles-de-la-charite.org\/wp-content\/uploads\/2026\/01\/WhatsApp-Image-2026-01-05-at-10.37.46.jpeg);\"><\/div><div class=\"et_pb_slide\" style=\"background: url(https:\/\/filles-de-la-charite.org\/wp-content\/uploads\/2026\/01\/WhatsApp-Image-2026-01-02-at-22.01.54.jpeg);\"><\/div><div class=\"et_pb_slide\" style=\"background: url(https:\/\/filles-de-la-charite.org\/wp-content\/uploads\/2026\/01\/WhatsApp-Image-2026-01-02-at-22.01.54-3.jpeg);\"><\/div><div class=\"et_pb_slide\" style=\"background: url(https:\/\/filles-de-la-charite.org\/wp-content\/uploads\/2026\/01\/WhatsApp-Image-2026-01-02-at-21.11.21.jpeg);\"><\/div><div class=\"et_pb_slide\" style=\"background: url(https:\/\/filles-de-la-charite.org\/wp-content\/uploads\/2026\/01\/WhatsApp-Image-2026-01-02-at-21.11.22-2.jpeg);\"><\/div><div class=\"et_pb_slide\" style=\"background: url(https:\/\/filles-de-la-charite.org\/wp-content\/uploads\/2026\/01\/WhatsApp-Image-2026-01-02-at-21.18.04-1.jpeg);\"><\/div><div class=\"et_pb_slide\" style=\"background: url(https:\/\/filles-de-la-charite.org\/wp-content\/uploads\/2026\/01\/WhatsApp-Image-2026-01-02-at-21.18.04-2.jpeg);\"><\/div><div class=\"et_pb_slide\" style=\"background: url(https:\/\/filles-de-la-charite.org\/wp-content\/uploads\/2026\/01\/WhatsApp-Image-2026-01-02-at-21.18.04-3.jpeg);\"><\/div><div class=\"et_pb_slide\" style=\"background: url(https:\/\/filles-de-la-charite.org\/wp-content\/uploads\/2026\/01\/WhatsApp-Image-2026-01-02-at-21.18.04-4.jpeg);\"><\/div><div class=\"et_pb_slide\" style=\"background: url(https:\/\/filles-de-la-charite.org\/wp-content\/uploads\/2026\/01\/WhatsApp-Image-2026-01-02-at-21.18.04.jpeg);\"><\/div><div class=\"et_pb_slide\" style=\"background: url(https:\/\/filles-de-la-charite.org\/wp-content\/uploads\/2026\/01\/WhatsApp-Image-2026-01-02-at-21.18.05.jpeg);\"><\/div><div class=\"et_pb_slide\" style=\"background: url(https:\/\/filles-de-la-charite.org\/wp-content\/uploads\/2026\/01\/WhatsApp-Image-2026-01-02-at-22.01.53-1.jpeg);\"><\/div><div class=\"et_pb_slide\" style=\"background: url(https:\/\/filles-de-la-charite.org\/wp-content\/uploads\/2026\/01\/WhatsApp-Image-2026-01-02-at-22.01.53-3.jpeg);\"><\/div><div class=\"et_pb_slide\" style=\"background: url(https:\/\/filles-de-la-charite.org\/wp-content\/uploads\/2026\/01\/WhatsApp-Image-2026-01-02-at-22.01.53.jpeg);\"><\/div><div class=\"et_pb_slide\" style=\"background: url(https:\/\/filles-de-la-charite.org\/wp-content\/uploads\/2026\/01\/WhatsApp-Image-2026-01-02-at-22.01.54-1.jpeg);\"><\/div><div class=\"et_pb_slide\" style=\"background: url(https:\/\/filles-de-la-charite.org\/wp-content\/uploads\/2026\/01\/WhatsApp-Image-2026-01-02-at-22.01.54-2.jpeg);\"><\/div><div class=\"et_pb_slide\" style=\"background: url(https:\/\/filles-de-la-charite.org\/wp-content\/uploads\/2026\/01\/WhatsApp-Image-2025-12-28-at-22.46.21.jpeg);\"><\/div>\n\t\t\t\t<\/div>\n\t\t\t<\/div><\/div>\n","protected":false},"excerpt":{"rendered":"<p>Entre os dias 28 de dezembro de 2025 e 1\u00ba de janeiro de 2026, Paris e a regi\u00e3o da \u00cele-de-France se transformaram em um grande cora\u00e7\u00e3o pulsante de f\u00e9 e esperan\u00e7a. Foi ali que aconteceu a48\u00aa edi\u00e7\u00e3o do Encontro Europeu de Taiz\u00e9, reunindo cerca de quinze mil jovens vindos de diferentes pa\u00edses sob o tema [&hellip;]<\/p>\n","protected":false},"author":5,"featured_media":48349,"comment_status":"closed","ping_status":"closed","sticky":false,"template":"","format":"standard","meta":{"_acf_changed":false,"_et_pb_use_builder":"","_et_pb_old_content":"","_et_gb_content_width":"","footnotes":"","_links_to":"","_links_to_target":""},"categories":[561,845],"tags":[],"class_list":["post-48348","post","type-post","status-publish","format-standard","has-post-thumbnail","hentry","category-casa-mae-pt-pt","category-internacional-pt-pt"],"acf":[],"yoast_head":"<!-- This site is optimized with the Yoast SEO plugin v27.5 - https:\/\/yoast.com\/product\/yoast-seo-wordpress\/ -->\n<title>Encontro Europeu de Jovens de Taiz\u00e9 em Paris - Filles de la Charit\u00e9<\/title>\n<meta name=\"robots\" content=\"index, follow, max-snippet:-1, max-image-preview:large, max-video-preview:-1\" \/>\n<link rel=\"canonical\" href=\"https:\/\/filles-de-la-charite.org\/pt-pt\/encuentro-europeo-de-taize-en-paris\/\" \/>\n<meta property=\"og:locale\" content=\"pt_PT\" \/>\n<meta property=\"og:type\" content=\"article\" \/>\n<meta property=\"og:title\" content=\"Encontro Europeu de Jovens de Taiz\u00e9 em Paris - Filles de la Charit\u00e9\" \/>\n<meta property=\"og:description\" content=\"Entre os dias 28 de dezembro de 2025 e 1\u00ba de janeiro de 2026, Paris e a regi\u00e3o da \u00cele-de-France se transformaram em um grande cora\u00e7\u00e3o pulsante de f\u00e9 e esperan\u00e7a. Foi ali que aconteceu a48\u00aa edi\u00e7\u00e3o do Encontro Europeu de Taiz\u00e9, reunindo cerca de quinze mil jovens vindos de diferentes pa\u00edses sob o tema [&hellip;]\" \/>\n<meta property=\"og:url\" content=\"https:\/\/filles-de-la-charite.org\/pt-pt\/encuentro-europeo-de-taize-en-paris\/\" \/>\n<meta property=\"og:site_name\" content=\"Filles de la Charit\u00e9\" \/>\n<meta property=\"article:published_time\" content=\"2026-01-04T11:11:30+00:00\" \/>\n<meta property=\"og:image\" content=\"https:\/\/filles-de-la-charite.org\/wp-content\/uploads\/2026\/01\/WhatsApp-Image-2025-12-30-at-23.41.28.jpeg\" \/>\n\t<meta property=\"og:image:width\" content=\"1600\" \/>\n\t<meta property=\"og:image:height\" content=\"1200\" \/>\n\t<meta property=\"og:image:type\" content=\"image\/jpeg\" \/>\n<meta name=\"author\" content=\"SOR MARTA\" \/>\n<meta name=\"twitter:card\" content=\"summary_large_image\" \/>\n<meta name=\"twitter:label1\" content=\"Escrito por\" \/>\n\t<meta name=\"twitter:data1\" content=\"SOR MARTA\" \/>\n\t<meta name=\"twitter:label2\" content=\"Tempo estimado de leitura\" \/>\n\t<meta name=\"twitter:data2\" content=\"2 minutos\" \/>\n<script type=\"application\/ld+json\" class=\"yoast-schema-graph\">{\"@context\":\"https:\\\/\\\/schema.org\",\"@graph\":[{\"@type\":\"Article\",\"@id\":\"https:\\\/\\\/filles-de-la-charite.org\\\/pt-pt\\\/encuentro-europeo-de-taize-en-paris\\\/#article\",\"isPartOf\":{\"@id\":\"https:\\\/\\\/filles-de-la-charite.org\\\/pt-pt\\\/encuentro-europeo-de-taize-en-paris\\\/\"},\"author\":{\"name\":\"SOR MARTA\",\"@id\":\"https:\\\/\\\/filles-de-la-charite.org\\\/pt-pt\\\/#\\\/schema\\\/person\\\/0c922b6ca71280639858d297b3a7209f\"},\"headline\":\"Encontro Europeu de Jovens de Taiz\u00e9 em Paris\",\"datePublished\":\"2026-01-04T11:11:30+00:00\",\"mainEntityOfPage\":{\"@id\":\"https:\\\/\\\/filles-de-la-charite.org\\\/pt-pt\\\/encuentro-europeo-de-taize-en-paris\\\/\"},\"wordCount\":313,\"publisher\":{\"@id\":\"https:\\\/\\\/filles-de-la-charite.org\\\/pt-pt\\\/#organization\"},\"image\":{\"@id\":\"https:\\\/\\\/filles-de-la-charite.org\\\/pt-pt\\\/encuentro-europeo-de-taize-en-paris\\\/#primaryimage\"},\"thumbnailUrl\":\"https:\\\/\\\/filles-de-la-charite.org\\\/wp-content\\\/uploads\\\/2026\\\/01\\\/WhatsApp-Image-2025-12-30-at-23.41.28.jpeg\",\"articleSection\":[\"Casa-M\u00e3e\",\"Internacional\"],\"inLanguage\":\"pt-PT\"},{\"@type\":\"WebPage\",\"@id\":\"https:\\\/\\\/filles-de-la-charite.org\\\/pt-pt\\\/encuentro-europeo-de-taize-en-paris\\\/\",\"url\":\"https:\\\/\\\/filles-de-la-charite.org\\\/pt-pt\\\/encuentro-europeo-de-taize-en-paris\\\/\",\"name\":\"Encontro Europeu de Jovens de Taiz\u00e9 em Paris - Filles de la Charit\u00e9\",\"isPartOf\":{\"@id\":\"https:\\\/\\\/filles-de-la-charite.org\\\/pt-pt\\\/#website\"},\"primaryImageOfPage\":{\"@id\":\"https:\\\/\\\/filles-de-la-charite.org\\\/pt-pt\\\/encuentro-europeo-de-taize-en-paris\\\/#primaryimage\"},\"image\":{\"@id\":\"https:\\\/\\\/filles-de-la-charite.org\\\/pt-pt\\\/encuentro-europeo-de-taize-en-paris\\\/#primaryimage\"},\"thumbnailUrl\":\"https:\\\/\\\/filles-de-la-charite.org\\\/wp-content\\\/uploads\\\/2026\\\/01\\\/WhatsApp-Image-2025-12-30-at-23.41.28.jpeg\",\"datePublished\":\"2026-01-04T11:11:30+00:00\",\"breadcrumb\":{\"@id\":\"https:\\\/\\\/filles-de-la-charite.org\\\/pt-pt\\\/encuentro-europeo-de-taize-en-paris\\\/#breadcrumb\"},\"inLanguage\":\"pt-PT\",\"potentialAction\":[{\"@type\":\"ReadAction\",\"target\":[\"https:\\\/\\\/filles-de-la-charite.org\\\/pt-pt\\\/encuentro-europeo-de-taize-en-paris\\\/\"]}]},{\"@type\":\"ImageObject\",\"inLanguage\":\"pt-PT\",\"@id\":\"https:\\\/\\\/filles-de-la-charite.org\\\/pt-pt\\\/encuentro-europeo-de-taize-en-paris\\\/#primaryimage\",\"url\":\"https:\\\/\\\/filles-de-la-charite.org\\\/wp-content\\\/uploads\\\/2026\\\/01\\\/WhatsApp-Image-2025-12-30-at-23.41.28.jpeg\",\"contentUrl\":\"https:\\\/\\\/filles-de-la-charite.org\\\/wp-content\\\/uploads\\\/2026\\\/01\\\/WhatsApp-Image-2025-12-30-at-23.41.28.jpeg\",\"width\":1600,\"height\":1200},{\"@type\":\"BreadcrumbList\",\"@id\":\"https:\\\/\\\/filles-de-la-charite.org\\\/pt-pt\\\/encuentro-europeo-de-taize-en-paris\\\/#breadcrumb\",\"itemListElement\":[{\"@type\":\"ListItem\",\"position\":1,\"name\":\"Internacional\",\"item\":\"https:\\\/\\\/filles-de-la-charite.org\\\/pt-pt\\\/category\\\/internacional-pt-pt\\\/\"},{\"@type\":\"ListItem\",\"position\":2,\"name\":\"Encontro Europeu de Jovens de Taiz\u00e9 em Paris\"}]},{\"@type\":\"WebSite\",\"@id\":\"https:\\\/\\\/filles-de-la-charite.org\\\/pt-pt\\\/#website\",\"url\":\"https:\\\/\\\/filles-de-la-charite.org\\\/pt-pt\\\/\",\"name\":\"Hijas de la Caridad\",\"description\":\"L\u2019amour de J\u00e9sus nous presse \u00e0 prendre soin des personnes les plus d\u00e9munies\",\"publisher\":{\"@id\":\"https:\\\/\\\/filles-de-la-charite.org\\\/pt-pt\\\/#organization\"},\"potentialAction\":[{\"@type\":\"SearchAction\",\"target\":{\"@type\":\"EntryPoint\",\"urlTemplate\":\"https:\\\/\\\/filles-de-la-charite.org\\\/pt-pt\\\/?s={search_term_string}\"},\"query-input\":{\"@type\":\"PropertyValueSpecification\",\"valueRequired\":true,\"valueName\":\"search_term_string\"}}],\"inLanguage\":\"pt-PT\"},{\"@type\":\"Organization\",\"@id\":\"https:\\\/\\\/filles-de-la-charite.org\\\/pt-pt\\\/#organization\",\"name\":\"Hijas de la Caridad\",\"url\":\"https:\\\/\\\/filles-de-la-charite.org\\\/pt-pt\\\/\",\"logo\":{\"@type\":\"ImageObject\",\"inLanguage\":\"pt-PT\",\"@id\":\"https:\\\/\\\/filles-de-la-charite.org\\\/pt-pt\\\/#\\\/schema\\\/logo\\\/image\\\/\",\"url\":\"https:\\\/\\\/filles-de-la-charite.org\\\/wp-content\\\/uploads\\\/2023\\\/03\\\/isotipo-Hijas-de-la-Caridad.png\",\"contentUrl\":\"https:\\\/\\\/filles-de-la-charite.org\\\/wp-content\\\/uploads\\\/2023\\\/03\\\/isotipo-Hijas-de-la-Caridad.png\",\"width\":1417,\"height\":1417,\"caption\":\"Hijas de la Caridad\"},\"image\":{\"@id\":\"https:\\\/\\\/filles-de-la-charite.org\\\/pt-pt\\\/#\\\/schema\\\/logo\\\/image\\\/\"}},{\"@type\":\"Person\",\"@id\":\"https:\\\/\\\/filles-de-la-charite.org\\\/pt-pt\\\/#\\\/schema\\\/person\\\/0c922b6ca71280639858d297b3a7209f\",\"name\":\"SOR MARTA\",\"image\":{\"@type\":\"ImageObject\",\"inLanguage\":\"pt-PT\",\"@id\":\"https:\\\/\\\/secure.gravatar.com\\\/avatar\\\/d2c45b0fd6bf2d3e2670ab3d112257c24ac80fa960360bba1bdc0676485d1d09?s=96&d=mm&r=g\",\"url\":\"https:\\\/\\\/secure.gravatar.com\\\/avatar\\\/d2c45b0fd6bf2d3e2670ab3d112257c24ac80fa960360bba1bdc0676485d1d09?s=96&d=mm&r=g\",\"contentUrl\":\"https:\\\/\\\/secure.gravatar.com\\\/avatar\\\/d2c45b0fd6bf2d3e2670ab3d112257c24ac80fa960360bba1bdc0676485d1d09?s=96&d=mm&r=g\",\"caption\":\"SOR MARTA\"},\"url\":\"https:\\\/\\\/filles-de-la-charite.org\\\/pt-pt\\\/author\\\/martaemn\\\/\"}]}<\/script>\n<!-- \/ Yoast SEO plugin. -->","yoast_head_json":{"title":"Encontro Europeu de Jovens de Taiz\u00e9 em Paris - Filles de la Charit\u00e9","robots":{"index":"index","follow":"follow","max-snippet":"max-snippet:-1","max-image-preview":"max-image-preview:large","max-video-preview":"max-video-preview:-1"},"canonical":"https:\/\/filles-de-la-charite.org\/pt-pt\/encuentro-europeo-de-taize-en-paris\/","og_locale":"pt_PT","og_type":"article","og_title":"Encontro Europeu de Jovens de Taiz\u00e9 em Paris - Filles de la Charit\u00e9","og_description":"Entre os dias 28 de dezembro de 2025 e 1\u00ba de janeiro de 2026, Paris e a regi\u00e3o da \u00cele-de-France se transformaram em um grande cora\u00e7\u00e3o pulsante de f\u00e9 e esperan\u00e7a. Foi ali que aconteceu a48\u00aa edi\u00e7\u00e3o do Encontro Europeu de Taiz\u00e9, reunindo cerca de quinze mil jovens vindos de diferentes pa\u00edses sob o tema [&hellip;]","og_url":"https:\/\/filles-de-la-charite.org\/pt-pt\/encuentro-europeo-de-taize-en-paris\/","og_site_name":"Filles de la Charit\u00e9","article_published_time":"2026-01-04T11:11:30+00:00","og_image":[{"width":1600,"height":1200,"url":"https:\/\/filles-de-la-charite.org\/wp-content\/uploads\/2026\/01\/WhatsApp-Image-2025-12-30-at-23.41.28.jpeg","type":"image\/jpeg"}],"author":"SOR MARTA","twitter_card":"summary_large_image","twitter_misc":{"Escrito por":"SOR MARTA","Tempo estimado de leitura":"2 minutos"},"schema":{"@context":"https:\/\/schema.org","@graph":[{"@type":"Article","@id":"https:\/\/filles-de-la-charite.org\/pt-pt\/encuentro-europeo-de-taize-en-paris\/#article","isPartOf":{"@id":"https:\/\/filles-de-la-charite.org\/pt-pt\/encuentro-europeo-de-taize-en-paris\/"},"author":{"name":"SOR MARTA","@id":"https:\/\/filles-de-la-charite.org\/pt-pt\/#\/schema\/person\/0c922b6ca71280639858d297b3a7209f"},"headline":"Encontro Europeu de Jovens de Taiz\u00e9 em Paris","datePublished":"2026-01-04T11:11:30+00:00","mainEntityOfPage":{"@id":"https:\/\/filles-de-la-charite.org\/pt-pt\/encuentro-europeo-de-taize-en-paris\/"},"wordCount":313,"publisher":{"@id":"https:\/\/filles-de-la-charite.org\/pt-pt\/#organization"},"image":{"@id":"https:\/\/filles-de-la-charite.org\/pt-pt\/encuentro-europeo-de-taize-en-paris\/#primaryimage"},"thumbnailUrl":"https:\/\/filles-de-la-charite.org\/wp-content\/uploads\/2026\/01\/WhatsApp-Image-2025-12-30-at-23.41.28.jpeg","articleSection":["Casa-M\u00e3e","Internacional"],"inLanguage":"pt-PT"},{"@type":"WebPage","@id":"https:\/\/filles-de-la-charite.org\/pt-pt\/encuentro-europeo-de-taize-en-paris\/","url":"https:\/\/filles-de-la-charite.org\/pt-pt\/encuentro-europeo-de-taize-en-paris\/","name":"Encontro Europeu de Jovens de Taiz\u00e9 em Paris - Filles de la Charit\u00e9","isPartOf":{"@id":"https:\/\/filles-de-la-charite.org\/pt-pt\/#website"},"primaryImageOfPage":{"@id":"https:\/\/filles-de-la-charite.org\/pt-pt\/encuentro-europeo-de-taize-en-paris\/#primaryimage"},"image":{"@id":"https:\/\/filles-de-la-charite.org\/pt-pt\/encuentro-europeo-de-taize-en-paris\/#primaryimage"},"thumbnailUrl":"https:\/\/filles-de-la-charite.org\/wp-content\/uploads\/2026\/01\/WhatsApp-Image-2025-12-30-at-23.41.28.jpeg","datePublished":"2026-01-04T11:11:30+00:00","breadcrumb":{"@id":"https:\/\/filles-de-la-charite.org\/pt-pt\/encuentro-europeo-de-taize-en-paris\/#breadcrumb"},"inLanguage":"pt-PT","potentialAction":[{"@type":"ReadAction","target":["https:\/\/filles-de-la-charite.org\/pt-pt\/encuentro-europeo-de-taize-en-paris\/"]}]},{"@type":"ImageObject","inLanguage":"pt-PT","@id":"https:\/\/filles-de-la-charite.org\/pt-pt\/encuentro-europeo-de-taize-en-paris\/#primaryimage","url":"https:\/\/filles-de-la-charite.org\/wp-content\/uploads\/2026\/01\/WhatsApp-Image-2025-12-30-at-23.41.28.jpeg","contentUrl":"https:\/\/filles-de-la-charite.org\/wp-content\/uploads\/2026\/01\/WhatsApp-Image-2025-12-30-at-23.41.28.jpeg","width":1600,"height":1200},{"@type":"BreadcrumbList","@id":"https:\/\/filles-de-la-charite.org\/pt-pt\/encuentro-europeo-de-taize-en-paris\/#breadcrumb","itemListElement":[{"@type":"ListItem","position":1,"name":"Internacional","item":"https:\/\/filles-de-la-charite.org\/pt-pt\/category\/internacional-pt-pt\/"},{"@type":"ListItem","position":2,"name":"Encontro Europeu de Jovens de Taiz\u00e9 em Paris"}]},{"@type":"WebSite","@id":"https:\/\/filles-de-la-charite.org\/pt-pt\/#website","url":"https:\/\/filles-de-la-charite.org\/pt-pt\/","name":"Hijas de la Caridad","description":"L\u2019amour de J\u00e9sus nous presse \u00e0 prendre soin des personnes les plus d\u00e9munies","publisher":{"@id":"https:\/\/filles-de-la-charite.org\/pt-pt\/#organization"},"potentialAction":[{"@type":"SearchAction","target":{"@type":"EntryPoint","urlTemplate":"https:\/\/filles-de-la-charite.org\/pt-pt\/?s={search_term_string}"},"query-input":{"@type":"PropertyValueSpecification","valueRequired":true,"valueName":"search_term_string"}}],"inLanguage":"pt-PT"},{"@type":"Organization","@id":"https:\/\/filles-de-la-charite.org\/pt-pt\/#organization","name":"Hijas de la Caridad","url":"https:\/\/filles-de-la-charite.org\/pt-pt\/","logo":{"@type":"ImageObject","inLanguage":"pt-PT","@id":"https:\/\/filles-de-la-charite.org\/pt-pt\/#\/schema\/logo\/image\/","url":"https:\/\/filles-de-la-charite.org\/wp-content\/uploads\/2023\/03\/isotipo-Hijas-de-la-Caridad.png","contentUrl":"https:\/\/filles-de-la-charite.org\/wp-content\/uploads\/2023\/03\/isotipo-Hijas-de-la-Caridad.png","width":1417,"height":1417,"caption":"Hijas de la Caridad"},"image":{"@id":"https:\/\/filles-de-la-charite.org\/pt-pt\/#\/schema\/logo\/image\/"}},{"@type":"Person","@id":"https:\/\/filles-de-la-charite.org\/pt-pt\/#\/schema\/person\/0c922b6ca71280639858d297b3a7209f","name":"SOR MARTA","image":{"@type":"ImageObject","inLanguage":"pt-PT","@id":"https:\/\/secure.gravatar.com\/avatar\/d2c45b0fd6bf2d3e2670ab3d112257c24ac80fa960360bba1bdc0676485d1d09?s=96&d=mm&r=g","url":"https:\/\/secure.gravatar.com\/avatar\/d2c45b0fd6bf2d3e2670ab3d112257c24ac80fa960360bba1bdc0676485d1d09?s=96&d=mm&r=g","contentUrl":"https:\/\/secure.gravatar.com\/avatar\/d2c45b0fd6bf2d3e2670ab3d112257c24ac80fa960360bba1bdc0676485d1d09?s=96&d=mm&r=g","caption":"SOR MARTA"},"url":"https:\/\/filles-de-la-charite.org\/pt-pt\/author\/martaemn\/"}]}},"_links":{"self":[{"href":"https:\/\/filles-de-la-charite.org\/pt-pt\/wp-json\/wp\/v2\/posts\/48348","targetHints":{"allow":["GET"]}}],"collection":[{"href":"https:\/\/filles-de-la-charite.org\/pt-pt\/wp-json\/wp\/v2\/posts"}],"about":[{"href":"https:\/\/filles-de-la-charite.org\/pt-pt\/wp-json\/wp\/v2\/types\/post"}],"author":[{"embeddable":true,"href":"https:\/\/filles-de-la-charite.org\/pt-pt\/wp-json\/wp\/v2\/users\/5"}],"replies":[{"embeddable":true,"href":"https:\/\/filles-de-la-charite.org\/pt-pt\/wp-json\/wp\/v2\/comments?post=48348"}],"version-history":[{"count":1,"href":"https:\/\/filles-de-la-charite.org\/pt-pt\/wp-json\/wp\/v2\/posts\/48348\/revisions"}],"predecessor-version":[{"id":48352,"href":"https:\/\/filles-de-la-charite.org\/pt-pt\/wp-json\/wp\/v2\/posts\/48348\/revisions\/48352"}],"wp:featuredmedia":[{"embeddable":true,"href":"https:\/\/filles-de-la-charite.org\/pt-pt\/wp-json\/wp\/v2\/media\/48349"}],"wp:attachment":[{"href":"https:\/\/filles-de-la-charite.org\/pt-pt\/wp-json\/wp\/v2\/media?parent=48348"}],"wp:term":[{"taxonomy":"category","embeddable":true,"href":"https:\/\/filles-de-la-charite.org\/pt-pt\/wp-json\/wp\/v2\/categories?post=48348"},{"taxonomy":"post_tag","embeddable":true,"href":"https:\/\/filles-de-la-charite.org\/pt-pt\/wp-json\/wp\/v2\/tags?post=48348"}],"curies":[{"name":"wp","href":"https:\/\/api.w.org\/{rel}","templated":true}]}}