{"id":48553,"date":"2026-01-31T22:10:00","date_gmt":"2026-01-31T21:10:00","guid":{"rendered":"https:\/\/filles-de-la-charite.org\/una-comunidad-interprovincial-en-camino-en-las-fronteras-de-la-vida\/"},"modified":"2026-02-05T09:35:46","modified_gmt":"2026-02-05T08:35:46","slug":"una-comunidad-interprovincial-en-camino-en-las-fronteras-de-la-vida","status":"publish","type":"post","link":"https:\/\/filles-de-la-charite.org\/pt-pt\/una-comunidad-interprovincial-en-camino-en-las-fronteras-de-la-vida\/","title":{"rendered":"Uma comunidade interprovincial que caminha nas fronteiras da vida"},"content":{"rendered":"\n<p>Nascemos de um chamado que ecoou forte, como vento que atravessa montanhas, ap\u00f3s uma Assembleia nas Prov\u00edncias da Espanha. Esse sopro nos impulsionou para al\u00e9m dos limites conhecidos, at\u00e9 lugares onde a dignidade humana \u00e9 mais fr\u00e1gil e precisa ser defendida. Assim foi se tecendo nossa forma de viver: uma comunidade interprovincial que se fez miss\u00e3o itinerante, sempre atenta ao Esp\u00edrito e \u00e0s vozes dos pobres que nos convidavam ao encontro.<\/p>\n\n\n\n<figure class=\"wp-block-image size-full\"><img loading=\"lazy\" decoding=\"async\" width=\"808\" height=\"354\" src=\"https:\/\/filles-de-la-charite.org\/wp-content\/uploads\/2026\/02\/WhatsApp-Image-2026-02-01-at-00.59.20.jpeg\" alt=\"\" class=\"wp-image-48542\" srcset=\"https:\/\/filles-de-la-charite.org\/wp-content\/uploads\/2026\/02\/WhatsApp-Image-2026-02-01-at-00.59.20.jpeg 808w, https:\/\/filles-de-la-charite.org\/wp-content\/uploads\/2026\/02\/WhatsApp-Image-2026-02-01-at-00.59.20-480x210.jpeg 480w\" sizes=\"(min-width: 0px) and (max-width: 480px) 480px, (min-width: 481px) 808px, 100vw\" \/><\/figure>\n\n\n\n<p>Nosso primeiro passo foi em <strong>Melilla<\/strong>, terra de fronteira marcada pela migra\u00e7\u00e3o, pelo tr\u00e2nsito e pela espera. Ali aprendemos a acompanhar de perto, partilhando a vida com pessoas migrantes &#8211; sobretudo jovens &#8211; e respondendo \u00e0s suas necessidades mais b\u00e1sicas em meio a um contexto complexo e profundamente humano. A chegada de <strong>Sor Lupita<\/strong> do M\u00e9xico, pela Lumi\u00e8re (a experi\u00eancia de dois anos de servi\u00e7o em outra Prov\u00edncia), foi um presente: sua presen\u00e7a, olhar e disponibilidade enriqueceram nossa vida fraterna e miss\u00e3o.<\/p>\n\n\n\n<figure class=\"wp-block-image size-large\"><img loading=\"lazy\" decoding=\"async\" width=\"1024\" height=\"768\" src=\"https:\/\/filles-de-la-charite.org\/wp-content\/uploads\/2026\/02\/WhatsApp-Image-2026-02-01-at-00.10.12-1024x768.jpeg\" alt=\"\" class=\"wp-image-48543\" srcset=\"https:\/\/filles-de-la-charite.org\/wp-content\/uploads\/2026\/02\/WhatsApp-Image-2026-02-01-at-00.10.12-980x735.jpeg 980w, https:\/\/filles-de-la-charite.org\/wp-content\/uploads\/2026\/02\/WhatsApp-Image-2026-02-01-at-00.10.12-480x360.jpeg 480w\" sizes=\"(min-width: 0px) and (max-width: 480px) 480px, (min-width: 481px) and (max-width: 980px) 980px, (min-width: 981px) 1024px, 100vw\" \/><\/figure>\n\n\n\n<p>Com a melhora das condi\u00e7\u00f5es de acolhida em Melilla e a mudan\u00e7a das rotas migrat\u00f3rias, surgiu uma nova urg\u00eancia: as fam\u00edlias da montanha atingidas pelo <strong>terremoto de Marrakech em 2023<\/strong>. Mudamos para l\u00e1 e, durante dois anos, colaboramos com a C\u00e1ritas Marrakech em projetos de reconstru\u00e7\u00e3o e desenvolvimento nos povoados do Atlas. Tamb\u00e9m encontramos jovens migrantes subsaarianos na par\u00f3quia com os Franciscanos, e ampliamos nossa miss\u00e3o para acolh\u00ea-los, cuidar deles e escutar suas hist\u00f3rias de dor e esperan\u00e7a.<\/p>\n\n\n\n<figure class=\"wp-block-image size-large\"><img loading=\"lazy\" decoding=\"async\" width=\"768\" height=\"1024\" src=\"https:\/\/filles-de-la-charite.org\/wp-content\/uploads\/2026\/02\/WhatsApp-Image-2026-01-31-at-23.35.47-768x1024.jpeg\" alt=\"\" class=\"wp-image-48538\"\/><\/figure>\n\n\n\n<p>Quando o projeto do terremoto se aproximava do fim e o trabalho com migrantes seguia com volunt\u00e1rios, voltamos a nos perguntar: <strong>onde hoje a fronteira pede nossa presen\u00e7a?<\/strong> No discernimento conjunto com Visitadoras e a Conselheira geral, percebemos o aumento das chegadas das embarca\u00e7\u00f5es \u00e0s <strong>Ilhas Baleares<\/strong> e a escassez de recursos de acolhida. Assim, no dia 29 de setembro, fomos enviadas para <strong>Mallorca<\/strong>.<\/p>\n\n\n\n<figure class=\"wp-block-image size-full\"><img loading=\"lazy\" decoding=\"async\" width=\"1024\" height=\"576\" src=\"https:\/\/filles-de-la-charite.org\/wp-content\/uploads\/2026\/02\/WhatsApp-Image-2026-01-31-at-23.56.50.jpeg\" alt=\"\" class=\"wp-image-48539\" srcset=\"https:\/\/filles-de-la-charite.org\/wp-content\/uploads\/2026\/02\/WhatsApp-Image-2026-01-31-at-23.56.50.jpeg 1024w, https:\/\/filles-de-la-charite.org\/wp-content\/uploads\/2026\/02\/WhatsApp-Image-2026-01-31-at-23.56.50-980x551.jpeg 980w, https:\/\/filles-de-la-charite.org\/wp-content\/uploads\/2026\/02\/WhatsApp-Image-2026-01-31-at-23.56.50-480x270.jpeg 480w\" sizes=\"(min-width: 0px) and (max-width: 480px) 480px, (min-width: 481px) and (max-width: 980px) 980px, (min-width: 981px) 1024px, 100vw\" \/><\/figure>\n\n\n\n<p>Hoje, nossa miss\u00e3o se concretiza no trabalho direto com pessoas migrantes em situa\u00e7\u00e3o de fronteira, colaborando especialmente com a <strong>Cruz Vermelha<\/strong> e integrando servi\u00e7os com a <strong>C\u00e1ritas<\/strong>. Em cada chegada, buscamos oferecer mais que apoio material: queremos humanizar cada gesto, dignificar cada encontro, estar pr\u00f3ximos e sustentar esperan\u00e7as na fragilidade.<\/p>\n\n\n\n<figure class=\"wp-block-image size-large\"><img decoding=\"async\" src=\"https:\/\/filles-de-la-charite.org\/wp-content\/uploads\/2026\/02\/Diseno-sin-titulo-5-1024x511.png\" alt=\"\"\/><\/figure>\n\n\n\n<p>Esse caminho entre <strong>Melilla, Marrakech e Mallorca <\/strong>n\u00e3o \u00e9 apenas uma sequ\u00eancia de destinos, mas um \u00fanico percurso de fidelidade \u00e0 voca\u00e7\u00e3o recebida de Deus, no hoje dos pobres: sair, ir ao encontro, acolher e reconhecer a dignidade de quem pede para ser amado. Que cada pessoa possa sentir que as palavras de Jesus s\u00e3o tamb\u00e9m para ela: <em>\u201cEu te amei\u201d<\/em> (Ap 3,9; <em>Dilexi Te<\/em>, n. 121).<\/p>\n\n\n\n<figure class=\"wp-block-image aligncenter size-full\"><img decoding=\"async\" src=\"https:\/\/filles-de-la-charite.org\/wp-content\/uploads\/2026\/02\/IMG-20260201-WA0024.jpg\" alt=\"\" class=\"wp-image-48619\"\/><\/figure>\n","protected":false},"excerpt":{"rendered":"<p>Nascemos de um chamado que ecoou forte, como vento que atravessa montanhas, ap\u00f3s uma Assembleia nas Prov\u00edncias da Espanha. Esse sopro nos impulsionou para al\u00e9m dos limites conhecidos, at\u00e9 lugares onde a dignidade humana \u00e9 mais fr\u00e1gil e precisa ser defendida. Assim foi se tecendo nossa forma de viver: uma comunidade interprovincial que se fez [&hellip;]<\/p>\n","protected":false},"author":5,"featured_media":48554,"comment_status":"closed","ping_status":"closed","sticky":false,"template":"","format":"standard","meta":{"_acf_changed":false,"_et_pb_use_builder":"","_et_pb_old_content":"","_et_gb_content_width":"","footnotes":"","_links_to":"","_links_to_target":""},"categories":[768,833],"tags":[],"class_list":["post-48553","post","type-post","status-publish","format-standard","has-post-thumbnail","hentry","category-espana-pt-pt","category-mexico-pt-pt"],"acf":[],"yoast_head":"<!-- This site is optimized with the Yoast SEO plugin v27.5 - https:\/\/yoast.com\/product\/yoast-seo-wordpress\/ -->\n<title>Uma comunidade interprovincial que caminha nas fronteiras da vida - Filles de la Charit\u00e9<\/title>\n<meta name=\"robots\" content=\"index, follow, max-snippet:-1, max-image-preview:large, max-video-preview:-1\" \/>\n<link rel=\"canonical\" href=\"https:\/\/filles-de-la-charite.org\/pt-pt\/una-comunidad-interprovincial-en-camino-en-las-fronteras-de-la-vida\/\" \/>\n<meta property=\"og:locale\" content=\"pt_PT\" \/>\n<meta property=\"og:type\" content=\"article\" \/>\n<meta property=\"og:title\" content=\"Uma comunidade interprovincial que caminha nas fronteiras da vida - Filles de la Charit\u00e9\" \/>\n<meta property=\"og:description\" content=\"Nascemos de um chamado que ecoou forte, como vento que atravessa montanhas, ap\u00f3s uma Assembleia nas Prov\u00edncias da Espanha. Esse sopro nos impulsionou para al\u00e9m dos limites conhecidos, at\u00e9 lugares onde a dignidade humana \u00e9 mais fr\u00e1gil e precisa ser defendida. Assim foi se tecendo nossa forma de viver: uma comunidade interprovincial que se fez [&hellip;]\" \/>\n<meta property=\"og:url\" content=\"https:\/\/filles-de-la-charite.org\/pt-pt\/una-comunidad-interprovincial-en-camino-en-las-fronteras-de-la-vida\/\" \/>\n<meta property=\"og:site_name\" content=\"Filles de la Charit\u00e9\" \/>\n<meta property=\"article:published_time\" content=\"2026-01-31T21:10:00+00:00\" \/>\n<meta property=\"article:modified_time\" content=\"2026-02-05T08:35:46+00:00\" \/>\n<meta property=\"og:image\" content=\"https:\/\/filles-de-la-charite.org\/wp-content\/uploads\/2026\/02\/mision-interprovincial-thumbnail-scaled.jpg\" \/>\n\t<meta property=\"og:image:width\" content=\"2560\" \/>\n\t<meta property=\"og:image:height\" content=\"1440\" \/>\n\t<meta property=\"og:image:type\" content=\"image\/jpeg\" \/>\n<meta name=\"author\" content=\"SOR MARTA\" \/>\n<meta name=\"twitter:card\" content=\"summary_large_image\" \/>\n<meta name=\"twitter:label1\" content=\"Escrito por\" \/>\n\t<meta name=\"twitter:data1\" content=\"SOR MARTA\" \/>\n\t<meta name=\"twitter:label2\" content=\"Tempo estimado de leitura\" \/>\n\t<meta name=\"twitter:data2\" content=\"4 minutos\" \/>\n<script type=\"application\/ld+json\" class=\"yoast-schema-graph\">{\"@context\":\"https:\\\/\\\/schema.org\",\"@graph\":[{\"@type\":\"Article\",\"@id\":\"https:\\\/\\\/filles-de-la-charite.org\\\/pt-pt\\\/una-comunidad-interprovincial-en-camino-en-las-fronteras-de-la-vida\\\/#article\",\"isPartOf\":{\"@id\":\"https:\\\/\\\/filles-de-la-charite.org\\\/pt-pt\\\/una-comunidad-interprovincial-en-camino-en-las-fronteras-de-la-vida\\\/\"},\"author\":{\"name\":\"SOR MARTA\",\"@id\":\"https:\\\/\\\/filles-de-la-charite.org\\\/pt-pt\\\/#\\\/schema\\\/person\\\/0c922b6ca71280639858d297b3a7209f\"},\"headline\":\"Uma comunidade interprovincial que caminha nas fronteiras da vida\",\"datePublished\":\"2026-01-31T21:10:00+00:00\",\"dateModified\":\"2026-02-05T08:35:46+00:00\",\"mainEntityOfPage\":{\"@id\":\"https:\\\/\\\/filles-de-la-charite.org\\\/pt-pt\\\/una-comunidad-interprovincial-en-camino-en-las-fronteras-de-la-vida\\\/\"},\"wordCount\":457,\"publisher\":{\"@id\":\"https:\\\/\\\/filles-de-la-charite.org\\\/pt-pt\\\/#organization\"},\"image\":{\"@id\":\"https:\\\/\\\/filles-de-la-charite.org\\\/pt-pt\\\/una-comunidad-interprovincial-en-camino-en-las-fronteras-de-la-vida\\\/#primaryimage\"},\"thumbnailUrl\":\"https:\\\/\\\/filles-de-la-charite.org\\\/wp-content\\\/uploads\\\/2026\\\/02\\\/mision-interprovincial-thumbnail-scaled.jpg\",\"articleSection\":[\"Espanha\",\"M\u00e9xico\"],\"inLanguage\":\"pt-PT\"},{\"@type\":\"WebPage\",\"@id\":\"https:\\\/\\\/filles-de-la-charite.org\\\/pt-pt\\\/una-comunidad-interprovincial-en-camino-en-las-fronteras-de-la-vida\\\/\",\"url\":\"https:\\\/\\\/filles-de-la-charite.org\\\/pt-pt\\\/una-comunidad-interprovincial-en-camino-en-las-fronteras-de-la-vida\\\/\",\"name\":\"Uma comunidade interprovincial que caminha nas fronteiras da vida - Filles de la Charit\u00e9\",\"isPartOf\":{\"@id\":\"https:\\\/\\\/filles-de-la-charite.org\\\/pt-pt\\\/#website\"},\"primaryImageOfPage\":{\"@id\":\"https:\\\/\\\/filles-de-la-charite.org\\\/pt-pt\\\/una-comunidad-interprovincial-en-camino-en-las-fronteras-de-la-vida\\\/#primaryimage\"},\"image\":{\"@id\":\"https:\\\/\\\/filles-de-la-charite.org\\\/pt-pt\\\/una-comunidad-interprovincial-en-camino-en-las-fronteras-de-la-vida\\\/#primaryimage\"},\"thumbnailUrl\":\"https:\\\/\\\/filles-de-la-charite.org\\\/wp-content\\\/uploads\\\/2026\\\/02\\\/mision-interprovincial-thumbnail-scaled.jpg\",\"datePublished\":\"2026-01-31T21:10:00+00:00\",\"dateModified\":\"2026-02-05T08:35:46+00:00\",\"breadcrumb\":{\"@id\":\"https:\\\/\\\/filles-de-la-charite.org\\\/pt-pt\\\/una-comunidad-interprovincial-en-camino-en-las-fronteras-de-la-vida\\\/#breadcrumb\"},\"inLanguage\":\"pt-PT\",\"potentialAction\":[{\"@type\":\"ReadAction\",\"target\":[\"https:\\\/\\\/filles-de-la-charite.org\\\/pt-pt\\\/una-comunidad-interprovincial-en-camino-en-las-fronteras-de-la-vida\\\/\"]}]},{\"@type\":\"ImageObject\",\"inLanguage\":\"pt-PT\",\"@id\":\"https:\\\/\\\/filles-de-la-charite.org\\\/pt-pt\\\/una-comunidad-interprovincial-en-camino-en-las-fronteras-de-la-vida\\\/#primaryimage\",\"url\":\"https:\\\/\\\/filles-de-la-charite.org\\\/wp-content\\\/uploads\\\/2026\\\/02\\\/mision-interprovincial-thumbnail-scaled.jpg\",\"contentUrl\":\"https:\\\/\\\/filles-de-la-charite.org\\\/wp-content\\\/uploads\\\/2026\\\/02\\\/mision-interprovincial-thumbnail-scaled.jpg\",\"width\":2560,\"height\":1440},{\"@type\":\"BreadcrumbList\",\"@id\":\"https:\\\/\\\/filles-de-la-charite.org\\\/pt-pt\\\/una-comunidad-interprovincial-en-camino-en-las-fronteras-de-la-vida\\\/#breadcrumb\",\"itemListElement\":[{\"@type\":\"ListItem\",\"position\":1,\"name\":\"Espanha\",\"item\":\"https:\\\/\\\/filles-de-la-charite.org\\\/pt-pt\\\/category\\\/espana-pt-pt\\\/\"},{\"@type\":\"ListItem\",\"position\":2,\"name\":\"Uma comunidade interprovincial que caminha nas fronteiras da vida\"}]},{\"@type\":\"WebSite\",\"@id\":\"https:\\\/\\\/filles-de-la-charite.org\\\/pt-pt\\\/#website\",\"url\":\"https:\\\/\\\/filles-de-la-charite.org\\\/pt-pt\\\/\",\"name\":\"Hijas de la Caridad\",\"description\":\"L\u2019amour de J\u00e9sus nous presse \u00e0 prendre soin des personnes les plus d\u00e9munies\",\"publisher\":{\"@id\":\"https:\\\/\\\/filles-de-la-charite.org\\\/pt-pt\\\/#organization\"},\"potentialAction\":[{\"@type\":\"SearchAction\",\"target\":{\"@type\":\"EntryPoint\",\"urlTemplate\":\"https:\\\/\\\/filles-de-la-charite.org\\\/pt-pt\\\/?s={search_term_string}\"},\"query-input\":{\"@type\":\"PropertyValueSpecification\",\"valueRequired\":true,\"valueName\":\"search_term_string\"}}],\"inLanguage\":\"pt-PT\"},{\"@type\":\"Organization\",\"@id\":\"https:\\\/\\\/filles-de-la-charite.org\\\/pt-pt\\\/#organization\",\"name\":\"Hijas de la Caridad\",\"url\":\"https:\\\/\\\/filles-de-la-charite.org\\\/pt-pt\\\/\",\"logo\":{\"@type\":\"ImageObject\",\"inLanguage\":\"pt-PT\",\"@id\":\"https:\\\/\\\/filles-de-la-charite.org\\\/pt-pt\\\/#\\\/schema\\\/logo\\\/image\\\/\",\"url\":\"https:\\\/\\\/filles-de-la-charite.org\\\/wp-content\\\/uploads\\\/2023\\\/03\\\/isotipo-Hijas-de-la-Caridad.png\",\"contentUrl\":\"https:\\\/\\\/filles-de-la-charite.org\\\/wp-content\\\/uploads\\\/2023\\\/03\\\/isotipo-Hijas-de-la-Caridad.png\",\"width\":1417,\"height\":1417,\"caption\":\"Hijas de la Caridad\"},\"image\":{\"@id\":\"https:\\\/\\\/filles-de-la-charite.org\\\/pt-pt\\\/#\\\/schema\\\/logo\\\/image\\\/\"}},{\"@type\":\"Person\",\"@id\":\"https:\\\/\\\/filles-de-la-charite.org\\\/pt-pt\\\/#\\\/schema\\\/person\\\/0c922b6ca71280639858d297b3a7209f\",\"name\":\"SOR MARTA\",\"image\":{\"@type\":\"ImageObject\",\"inLanguage\":\"pt-PT\",\"@id\":\"https:\\\/\\\/secure.gravatar.com\\\/avatar\\\/d2c45b0fd6bf2d3e2670ab3d112257c24ac80fa960360bba1bdc0676485d1d09?s=96&d=mm&r=g\",\"url\":\"https:\\\/\\\/secure.gravatar.com\\\/avatar\\\/d2c45b0fd6bf2d3e2670ab3d112257c24ac80fa960360bba1bdc0676485d1d09?s=96&d=mm&r=g\",\"contentUrl\":\"https:\\\/\\\/secure.gravatar.com\\\/avatar\\\/d2c45b0fd6bf2d3e2670ab3d112257c24ac80fa960360bba1bdc0676485d1d09?s=96&d=mm&r=g\",\"caption\":\"SOR MARTA\"},\"url\":\"https:\\\/\\\/filles-de-la-charite.org\\\/pt-pt\\\/author\\\/martaemn\\\/\"}]}<\/script>\n<!-- \/ Yoast SEO plugin. -->","yoast_head_json":{"title":"Uma comunidade interprovincial que caminha nas fronteiras da vida - Filles de la Charit\u00e9","robots":{"index":"index","follow":"follow","max-snippet":"max-snippet:-1","max-image-preview":"max-image-preview:large","max-video-preview":"max-video-preview:-1"},"canonical":"https:\/\/filles-de-la-charite.org\/pt-pt\/una-comunidad-interprovincial-en-camino-en-las-fronteras-de-la-vida\/","og_locale":"pt_PT","og_type":"article","og_title":"Uma comunidade interprovincial que caminha nas fronteiras da vida - Filles de la Charit\u00e9","og_description":"Nascemos de um chamado que ecoou forte, como vento que atravessa montanhas, ap\u00f3s uma Assembleia nas Prov\u00edncias da Espanha. Esse sopro nos impulsionou para al\u00e9m dos limites conhecidos, at\u00e9 lugares onde a dignidade humana \u00e9 mais fr\u00e1gil e precisa ser defendida. Assim foi se tecendo nossa forma de viver: uma comunidade interprovincial que se fez [&hellip;]","og_url":"https:\/\/filles-de-la-charite.org\/pt-pt\/una-comunidad-interprovincial-en-camino-en-las-fronteras-de-la-vida\/","og_site_name":"Filles de la Charit\u00e9","article_published_time":"2026-01-31T21:10:00+00:00","article_modified_time":"2026-02-05T08:35:46+00:00","og_image":[{"width":2560,"height":1440,"url":"https:\/\/filles-de-la-charite.org\/wp-content\/uploads\/2026\/02\/mision-interprovincial-thumbnail-scaled.jpg","type":"image\/jpeg"}],"author":"SOR MARTA","twitter_card":"summary_large_image","twitter_misc":{"Escrito por":"SOR MARTA","Tempo estimado de leitura":"4 minutos"},"schema":{"@context":"https:\/\/schema.org","@graph":[{"@type":"Article","@id":"https:\/\/filles-de-la-charite.org\/pt-pt\/una-comunidad-interprovincial-en-camino-en-las-fronteras-de-la-vida\/#article","isPartOf":{"@id":"https:\/\/filles-de-la-charite.org\/pt-pt\/una-comunidad-interprovincial-en-camino-en-las-fronteras-de-la-vida\/"},"author":{"name":"SOR MARTA","@id":"https:\/\/filles-de-la-charite.org\/pt-pt\/#\/schema\/person\/0c922b6ca71280639858d297b3a7209f"},"headline":"Uma comunidade interprovincial que caminha nas fronteiras da vida","datePublished":"2026-01-31T21:10:00+00:00","dateModified":"2026-02-05T08:35:46+00:00","mainEntityOfPage":{"@id":"https:\/\/filles-de-la-charite.org\/pt-pt\/una-comunidad-interprovincial-en-camino-en-las-fronteras-de-la-vida\/"},"wordCount":457,"publisher":{"@id":"https:\/\/filles-de-la-charite.org\/pt-pt\/#organization"},"image":{"@id":"https:\/\/filles-de-la-charite.org\/pt-pt\/una-comunidad-interprovincial-en-camino-en-las-fronteras-de-la-vida\/#primaryimage"},"thumbnailUrl":"https:\/\/filles-de-la-charite.org\/wp-content\/uploads\/2026\/02\/mision-interprovincial-thumbnail-scaled.jpg","articleSection":["Espanha","M\u00e9xico"],"inLanguage":"pt-PT"},{"@type":"WebPage","@id":"https:\/\/filles-de-la-charite.org\/pt-pt\/una-comunidad-interprovincial-en-camino-en-las-fronteras-de-la-vida\/","url":"https:\/\/filles-de-la-charite.org\/pt-pt\/una-comunidad-interprovincial-en-camino-en-las-fronteras-de-la-vida\/","name":"Uma comunidade interprovincial que caminha nas fronteiras da vida - Filles de la Charit\u00e9","isPartOf":{"@id":"https:\/\/filles-de-la-charite.org\/pt-pt\/#website"},"primaryImageOfPage":{"@id":"https:\/\/filles-de-la-charite.org\/pt-pt\/una-comunidad-interprovincial-en-camino-en-las-fronteras-de-la-vida\/#primaryimage"},"image":{"@id":"https:\/\/filles-de-la-charite.org\/pt-pt\/una-comunidad-interprovincial-en-camino-en-las-fronteras-de-la-vida\/#primaryimage"},"thumbnailUrl":"https:\/\/filles-de-la-charite.org\/wp-content\/uploads\/2026\/02\/mision-interprovincial-thumbnail-scaled.jpg","datePublished":"2026-01-31T21:10:00+00:00","dateModified":"2026-02-05T08:35:46+00:00","breadcrumb":{"@id":"https:\/\/filles-de-la-charite.org\/pt-pt\/una-comunidad-interprovincial-en-camino-en-las-fronteras-de-la-vida\/#breadcrumb"},"inLanguage":"pt-PT","potentialAction":[{"@type":"ReadAction","target":["https:\/\/filles-de-la-charite.org\/pt-pt\/una-comunidad-interprovincial-en-camino-en-las-fronteras-de-la-vida\/"]}]},{"@type":"ImageObject","inLanguage":"pt-PT","@id":"https:\/\/filles-de-la-charite.org\/pt-pt\/una-comunidad-interprovincial-en-camino-en-las-fronteras-de-la-vida\/#primaryimage","url":"https:\/\/filles-de-la-charite.org\/wp-content\/uploads\/2026\/02\/mision-interprovincial-thumbnail-scaled.jpg","contentUrl":"https:\/\/filles-de-la-charite.org\/wp-content\/uploads\/2026\/02\/mision-interprovincial-thumbnail-scaled.jpg","width":2560,"height":1440},{"@type":"BreadcrumbList","@id":"https:\/\/filles-de-la-charite.org\/pt-pt\/una-comunidad-interprovincial-en-camino-en-las-fronteras-de-la-vida\/#breadcrumb","itemListElement":[{"@type":"ListItem","position":1,"name":"Espanha","item":"https:\/\/filles-de-la-charite.org\/pt-pt\/category\/espana-pt-pt\/"},{"@type":"ListItem","position":2,"name":"Uma comunidade interprovincial que caminha nas fronteiras da vida"}]},{"@type":"WebSite","@id":"https:\/\/filles-de-la-charite.org\/pt-pt\/#website","url":"https:\/\/filles-de-la-charite.org\/pt-pt\/","name":"Hijas de la Caridad","description":"L\u2019amour de J\u00e9sus nous presse \u00e0 prendre soin des personnes les plus d\u00e9munies","publisher":{"@id":"https:\/\/filles-de-la-charite.org\/pt-pt\/#organization"},"potentialAction":[{"@type":"SearchAction","target":{"@type":"EntryPoint","urlTemplate":"https:\/\/filles-de-la-charite.org\/pt-pt\/?s={search_term_string}"},"query-input":{"@type":"PropertyValueSpecification","valueRequired":true,"valueName":"search_term_string"}}],"inLanguage":"pt-PT"},{"@type":"Organization","@id":"https:\/\/filles-de-la-charite.org\/pt-pt\/#organization","name":"Hijas de la Caridad","url":"https:\/\/filles-de-la-charite.org\/pt-pt\/","logo":{"@type":"ImageObject","inLanguage":"pt-PT","@id":"https:\/\/filles-de-la-charite.org\/pt-pt\/#\/schema\/logo\/image\/","url":"https:\/\/filles-de-la-charite.org\/wp-content\/uploads\/2023\/03\/isotipo-Hijas-de-la-Caridad.png","contentUrl":"https:\/\/filles-de-la-charite.org\/wp-content\/uploads\/2023\/03\/isotipo-Hijas-de-la-Caridad.png","width":1417,"height":1417,"caption":"Hijas de la Caridad"},"image":{"@id":"https:\/\/filles-de-la-charite.org\/pt-pt\/#\/schema\/logo\/image\/"}},{"@type":"Person","@id":"https:\/\/filles-de-la-charite.org\/pt-pt\/#\/schema\/person\/0c922b6ca71280639858d297b3a7209f","name":"SOR MARTA","image":{"@type":"ImageObject","inLanguage":"pt-PT","@id":"https:\/\/secure.gravatar.com\/avatar\/d2c45b0fd6bf2d3e2670ab3d112257c24ac80fa960360bba1bdc0676485d1d09?s=96&d=mm&r=g","url":"https:\/\/secure.gravatar.com\/avatar\/d2c45b0fd6bf2d3e2670ab3d112257c24ac80fa960360bba1bdc0676485d1d09?s=96&d=mm&r=g","contentUrl":"https:\/\/secure.gravatar.com\/avatar\/d2c45b0fd6bf2d3e2670ab3d112257c24ac80fa960360bba1bdc0676485d1d09?s=96&d=mm&r=g","caption":"SOR MARTA"},"url":"https:\/\/filles-de-la-charite.org\/pt-pt\/author\/martaemn\/"}]}},"_links":{"self":[{"href":"https:\/\/filles-de-la-charite.org\/pt-pt\/wp-json\/wp\/v2\/posts\/48553","targetHints":{"allow":["GET"]}}],"collection":[{"href":"https:\/\/filles-de-la-charite.org\/pt-pt\/wp-json\/wp\/v2\/posts"}],"about":[{"href":"https:\/\/filles-de-la-charite.org\/pt-pt\/wp-json\/wp\/v2\/types\/post"}],"author":[{"embeddable":true,"href":"https:\/\/filles-de-la-charite.org\/pt-pt\/wp-json\/wp\/v2\/users\/5"}],"replies":[{"embeddable":true,"href":"https:\/\/filles-de-la-charite.org\/pt-pt\/wp-json\/wp\/v2\/comments?post=48553"}],"version-history":[{"count":6,"href":"https:\/\/filles-de-la-charite.org\/pt-pt\/wp-json\/wp\/v2\/posts\/48553\/revisions"}],"predecessor-version":[{"id":48707,"href":"https:\/\/filles-de-la-charite.org\/pt-pt\/wp-json\/wp\/v2\/posts\/48553\/revisions\/48707"}],"wp:featuredmedia":[{"embeddable":true,"href":"https:\/\/filles-de-la-charite.org\/pt-pt\/wp-json\/wp\/v2\/media\/48554"}],"wp:attachment":[{"href":"https:\/\/filles-de-la-charite.org\/pt-pt\/wp-json\/wp\/v2\/media?parent=48553"}],"wp:term":[{"taxonomy":"category","embeddable":true,"href":"https:\/\/filles-de-la-charite.org\/pt-pt\/wp-json\/wp\/v2\/categories?post=48553"},{"taxonomy":"post_tag","embeddable":true,"href":"https:\/\/filles-de-la-charite.org\/pt-pt\/wp-json\/wp\/v2\/tags?post=48553"}],"curies":[{"name":"wp","href":"https:\/\/api.w.org\/{rel}","templated":true}]}}