{"id":48780,"date":"2026-02-08T08:00:00","date_gmt":"2026-02-08T07:00:00","guid":{"rendered":"https:\/\/filles-de-la-charite.org\/?p=48780"},"modified":"2026-02-10T00:36:33","modified_gmt":"2026-02-09T23:36:33","slug":"si-nuestro-testimonio-ayuda-aunque-sea-a-una-sola-mujer-seremos-felices","status":"publish","type":"post","link":"https:\/\/filles-de-la-charite.org\/pt-pt\/si-nuestro-testimonio-ayuda-aunque-sea-a-una-sola-mujer-seremos-felices\/","title":{"rendered":"Testemunhar para ajudar os outros"},"content":{"rendered":"\n<p>Em comunh\u00e3o com o Dia Internacional de Ora\u00e7\u00e3o e Reflex\u00e3o sobre o Combate ao Tr\u00e1fico de Pessoas, decidi conversar com as mulheres atendidas pelo Centro Diurno para Mulheres em situa\u00e7\u00e3o de rua e em situa\u00e7\u00e3o de vulnerabilidade, administrado pela Funda\u00e7\u00e3o Mi\u0142osierdzie. O que encontrei foi surpreendente: uma resposta calorosa, cheia de entusiasmo e abertura.<\/p>\n\n\n\n<figure class=\"wp-block-image size-large\"><img loading=\"lazy\" decoding=\"async\" width=\"900\" height=\"675\" src=\"https:\/\/filles-de-la-charite.org\/wp-content\/uploads\/2026\/02\/WhatsApp-Image-2026-01-29-at-16.07.44-1-edited.jpeg\" alt=\"\" class=\"wp-image-48758\" srcset=\"https:\/\/filles-de-la-charite.org\/wp-content\/uploads\/2026\/02\/WhatsApp-Image-2026-01-29-at-16.07.44-1-edited.jpeg 900w, https:\/\/filles-de-la-charite.org\/wp-content\/uploads\/2026\/02\/WhatsApp-Image-2026-01-29-at-16.07.44-1-edited-480x360.jpeg 480w\" sizes=\"(min-width: 0px) and (max-width: 480px) 480px, (min-width: 481px) 900px, 100vw\" \/><\/figure>\n\n\n\n<p>Elas insistiam que esses perigos n\u00e3o podem ser silenciados. \u00c9 preciso falar deles sem medo, para que meninas e mulheres saibam reconhecer os sinais, evitar armadilhas e desconfiar de ofertas de trabalho que parecem boas demais para ser verdade. Nos espa\u00e7os p\u00fablicos \u2014 esta\u00e7\u00f5es de trem, pra\u00e7as, parques \u2014 os recrutadores de grupos criminosos circulam. N\u00e3o s\u00e3o apenas homens: h\u00e1 mulheres, e at\u00e9 casais fingindo ser marido e mulher, oferecendo empregos ilus\u00f3rios.<\/p>\n\n\n\n<p>A mis\u00e9ria, a fome e a falta de moradia levam muitas a aceitar propostas incertas, ou mesmo a recorrer \u00e0 prostitui\u00e7\u00e3o. O medo, a confus\u00e3o e a tristeza tornam-se iscas para criminosos. Elas alertam: \u00e9 preciso cautela at\u00e9 ao aceitar comida ou bebida de estranhos, pois j\u00e1 presenciaram casos em que mulheres foram drogadas dessa forma. Outros ofereciam drogas gratuitamente, apenas para criar depend\u00eancia e aprisionar suas v\u00edtimas.<\/p>\n\n\n\n<figure class=\"wp-block-image size-full\"><img loading=\"lazy\" decoding=\"async\" width=\"900\" height=\"675\" src=\"https:\/\/filles-de-la-charite.org\/wp-content\/uploads\/2026\/02\/thumbnail.jpeg\" alt=\"\" class=\"wp-image-48768\" srcset=\"https:\/\/filles-de-la-charite.org\/wp-content\/uploads\/2026\/02\/thumbnail.jpeg 900w, https:\/\/filles-de-la-charite.org\/wp-content\/uploads\/2026\/02\/thumbnail-480x360.jpeg 480w\" sizes=\"(min-width: 0px) and (max-width: 480px) 480px, (min-width: 481px) 900px, 100vw\" \/><\/figure>\n\n\n\n<p><strong>Marianna:<\/strong> \u201cTudo come\u00e7ou com a dan\u00e7a. Eu era uma dan\u00e7arina profissional, convidada para eventos e galas. Com o tempo, meus empregadores come\u00e7aram a me pressionar, at\u00e9 me for\u00e7arem \u00e0 prostitui\u00e7\u00e3o. Quando cedi, n\u00e3o havia volta. Tentei escapar aceitando uma oferta de trabalho na Alemanha, mas era uma armadilha: fui aprisionada. Um polon\u00eas me ajudou a fugir. Voltei em estado f\u00edsico e mental devastador. Foi um parente que me salvou, organizando terapia em outra cidade e ajudando-me a reconstruir a vida.\u201d<\/p>\n\n\n\n<p><strong>Alicja:<\/strong> \u201cUma vez, pegando carona, fui sequestrada por um grupo de b\u00falgaros. Em uma parada, lutei com todas as for\u00e7as pela minha dignidade e pela minha vida. Consegui escapar. Nunca mais aceitarei carona.\u201d<\/p>\n\n\n\n<figure class=\"wp-block-image size-large\"><img loading=\"lazy\" decoding=\"async\" width=\"900\" height=\"675\" src=\"https:\/\/filles-de-la-charite.org\/wp-content\/uploads\/2026\/02\/WhatsApp-Image-2026-01-29-at-16.10.07-edited.jpeg\" alt=\"\" class=\"wp-image-48760\" srcset=\"https:\/\/filles-de-la-charite.org\/wp-content\/uploads\/2026\/02\/WhatsApp-Image-2026-01-29-at-16.10.07-edited.jpeg 900w, https:\/\/filles-de-la-charite.org\/wp-content\/uploads\/2026\/02\/WhatsApp-Image-2026-01-29-at-16.10.07-edited-480x360.jpeg 480w\" sizes=\"(min-width: 0px) and (max-width: 480px) 480px, (min-width: 481px) 900px, 100vw\" \/><\/figure>\n\n\n\n<p><strong>Anna:<\/strong> \u201cTamb\u00e9m fui sequestrada enquanto pegava carona. O homem apontou uma arma para minha cabe\u00e7a. Implorei que me deixasse ir e mostrei um v\u00eddeo do meu filho no celular. Ao ouvir o choro da crian\u00e7a, ele abriu a porta e me lan\u00e7ou para fora do carro em movimento. Eu sobrevivi.\u201d<\/p>\n\n\n\n<p><strong>Eleonora:<\/strong> \u201cTrabalhava ilegalmente limpando a mans\u00e3o de uma fam\u00edlia. Um homem me levava e trazia, mas um dia come\u00e7ou a me amea\u00e7ar e a fazer propostas imorais. Rezei sem cessar, pedindo ajuda ao meu Anjo da Guarda. Em uma parada, consegui fugir e nunca mais voltei. Foi o meu Anjo quem me salvou.\u201d<\/p>\n\n\n\n<figure class=\"wp-block-image size-large\"><img loading=\"lazy\" decoding=\"async\" width=\"900\" height=\"675\" src=\"https:\/\/filles-de-la-charite.org\/wp-content\/uploads\/2026\/02\/WhatsApp-Image-2026-01-29-at-16.11.13-edited.jpeg\" alt=\"\" class=\"wp-image-48761\" srcset=\"https:\/\/filles-de-la-charite.org\/wp-content\/uploads\/2026\/02\/WhatsApp-Image-2026-01-29-at-16.11.13-edited.jpeg 900w, https:\/\/filles-de-la-charite.org\/wp-content\/uploads\/2026\/02\/WhatsApp-Image-2026-01-29-at-16.11.13-edited-480x360.jpeg 480w\" sizes=\"(min-width: 0px) and (max-width: 480px) 480px, (min-width: 481px) 900px, 100vw\" \/><\/figure>\n\n\n\n<p>Essas mulheres concordam: depois de experi\u00eancias t\u00e3o traum\u00e1ticas, \u00e9 dif\u00edcil confiar novamente, dif\u00edcil se abrir para um relacionamento. O trauma retorna, e muitas vezes s\u00f3 longos anos de terapia e tratamento psiqui\u00e1trico permitem algum al\u00edvio. Elas ressaltam a import\u00e2ncia de encontrar um lugar seguro, cercado de pessoas bondosas, um espa\u00e7o onde possam estar apenas entre mulheres. Valorizam profundamente tanto a ajuda para conseguir um trabalho digno quanto a oportunidade de dar voz \u00e0s suas hist\u00f3rias.<\/p>\n\n\n\n<figure class=\"wp-block-image size-large\"><img loading=\"lazy\" decoding=\"async\" width=\"900\" height=\"675\" src=\"https:\/\/filles-de-la-charite.org\/wp-content\/uploads\/2026\/02\/WhatsApp-Image-2026-01-29-at-16.11.00-edited-1.jpeg\" alt=\"\" class=\"wp-image-48771\" srcset=\"https:\/\/filles-de-la-charite.org\/wp-content\/uploads\/2026\/02\/WhatsApp-Image-2026-01-29-at-16.11.00-edited-1.jpeg 900w, https:\/\/filles-de-la-charite.org\/wp-content\/uploads\/2026\/02\/WhatsApp-Image-2026-01-29-at-16.11.00-edited-1-480x360.jpeg 480w\" sizes=\"(min-width: 0px) and (max-width: 480px) 480px, (min-width: 481px) 900px, 100vw\" \/><\/figure>\n\n\n\n<p>E dizem, com firmeza: se o testemunho delas ajudar ao menos uma mulher, j\u00e1 ter\u00e3o cumprido sua miss\u00e3o.<\/p>\n","protected":false},"excerpt":{"rendered":"<p>Em comunh\u00e3o com o Dia Internacional de Ora\u00e7\u00e3o e Reflex\u00e3o sobre o Combate ao Tr\u00e1fico de Pessoas, decidi conversar com as mulheres atendidas pelo Centro Diurno para Mulheres em situa\u00e7\u00e3o de rua e em situa\u00e7\u00e3o de vulnerabilidade, administrado pela Funda\u00e7\u00e3o Mi\u0142osierdzie. O que encontrei foi surpreendente: uma resposta calorosa, cheia de entusiasmo e abertura. Elas [&hellip;]<\/p>\n","protected":false},"author":5,"featured_media":48781,"comment_status":"closed","ping_status":"closed","sticky":false,"template":"","format":"standard","meta":{"_acf_changed":false,"_et_pb_use_builder":"","_et_pb_old_content":"","_et_gb_content_width":"","footnotes":"","_links_to":"","_links_to_target":""},"categories":[916],"tags":[],"class_list":["post-48780","post","type-post","status-publish","format-standard","has-post-thumbnail","hentry","category-polonia"],"acf":[],"yoast_head":"<!-- This site is optimized with the Yoast SEO plugin v27.5 - https:\/\/yoast.com\/product\/yoast-seo-wordpress\/ -->\n<title>Testemunhar para ajudar os outros - Filles de la Charit\u00e9<\/title>\n<meta name=\"robots\" content=\"index, follow, max-snippet:-1, max-image-preview:large, max-video-preview:-1\" \/>\n<link rel=\"canonical\" href=\"https:\/\/filles-de-la-charite.org\/pt-pt\/si-nuestro-testimonio-ayuda-aunque-sea-a-una-sola-mujer-seremos-felices\/\" \/>\n<meta property=\"og:locale\" content=\"pt_PT\" \/>\n<meta property=\"og:type\" content=\"article\" \/>\n<meta property=\"og:title\" content=\"Testemunhar para ajudar os outros - Filles de la Charit\u00e9\" \/>\n<meta property=\"og:description\" content=\"Em comunh\u00e3o com o Dia Internacional de Ora\u00e7\u00e3o e Reflex\u00e3o sobre o Combate ao Tr\u00e1fico de Pessoas, decidi conversar com as mulheres atendidas pelo Centro Diurno para Mulheres em situa\u00e7\u00e3o de rua e em situa\u00e7\u00e3o de vulnerabilidade, administrado pela Funda\u00e7\u00e3o Mi\u0142osierdzie. O que encontrei foi surpreendente: uma resposta calorosa, cheia de entusiasmo e abertura. Elas [&hellip;]\" \/>\n<meta property=\"og:url\" content=\"https:\/\/filles-de-la-charite.org\/pt-pt\/si-nuestro-testimonio-ayuda-aunque-sea-a-una-sola-mujer-seremos-felices\/\" \/>\n<meta property=\"og:site_name\" content=\"Filles de la Charit\u00e9\" \/>\n<meta property=\"article:published_time\" content=\"2026-02-08T07:00:00+00:00\" \/>\n<meta property=\"article:modified_time\" content=\"2026-02-09T23:36:33+00:00\" \/>\n<meta property=\"og:image\" content=\"https:\/\/filles-de-la-charite.org\/wp-content\/uploads\/2026\/02\/WhatsApp-Image-2026-01-29-at-16.07.54.jpeg\" \/>\n\t<meta property=\"og:image:width\" content=\"1600\" \/>\n\t<meta property=\"og:image:height\" content=\"900\" \/>\n\t<meta property=\"og:image:type\" content=\"image\/jpeg\" \/>\n<meta name=\"author\" content=\"SOR MARTA\" \/>\n<meta name=\"twitter:card\" content=\"summary_large_image\" \/>\n<meta name=\"twitter:label1\" content=\"Escrito por\" \/>\n\t<meta name=\"twitter:data1\" content=\"SOR MARTA\" \/>\n\t<meta name=\"twitter:label2\" content=\"Tempo estimado de leitura\" \/>\n\t<meta name=\"twitter:data2\" content=\"4 minutos\" \/>\n<script type=\"application\/ld+json\" class=\"yoast-schema-graph\">{\"@context\":\"https:\\\/\\\/schema.org\",\"@graph\":[{\"@type\":\"Article\",\"@id\":\"https:\\\/\\\/filles-de-la-charite.org\\\/pt-pt\\\/si-nuestro-testimonio-ayuda-aunque-sea-a-una-sola-mujer-seremos-felices\\\/#article\",\"isPartOf\":{\"@id\":\"https:\\\/\\\/filles-de-la-charite.org\\\/pt-pt\\\/si-nuestro-testimonio-ayuda-aunque-sea-a-una-sola-mujer-seremos-felices\\\/\"},\"author\":{\"name\":\"SOR MARTA\",\"@id\":\"https:\\\/\\\/filles-de-la-charite.org\\\/pt-pt\\\/#\\\/schema\\\/person\\\/0c922b6ca71280639858d297b3a7209f\"},\"headline\":\"Testemunhar para ajudar os outros\",\"datePublished\":\"2026-02-08T07:00:00+00:00\",\"dateModified\":\"2026-02-09T23:36:33+00:00\",\"mainEntityOfPage\":{\"@id\":\"https:\\\/\\\/filles-de-la-charite.org\\\/pt-pt\\\/si-nuestro-testimonio-ayuda-aunque-sea-a-una-sola-mujer-seremos-felices\\\/\"},\"wordCount\":554,\"publisher\":{\"@id\":\"https:\\\/\\\/filles-de-la-charite.org\\\/pt-pt\\\/#organization\"},\"image\":{\"@id\":\"https:\\\/\\\/filles-de-la-charite.org\\\/pt-pt\\\/si-nuestro-testimonio-ayuda-aunque-sea-a-una-sola-mujer-seremos-felices\\\/#primaryimage\"},\"thumbnailUrl\":\"https:\\\/\\\/filles-de-la-charite.org\\\/wp-content\\\/uploads\\\/2026\\\/02\\\/WhatsApp-Image-2026-01-29-at-16.07.54.jpeg\",\"articleSection\":[\"Pol\u00f3nia\"],\"inLanguage\":\"pt-PT\"},{\"@type\":\"WebPage\",\"@id\":\"https:\\\/\\\/filles-de-la-charite.org\\\/pt-pt\\\/si-nuestro-testimonio-ayuda-aunque-sea-a-una-sola-mujer-seremos-felices\\\/\",\"url\":\"https:\\\/\\\/filles-de-la-charite.org\\\/pt-pt\\\/si-nuestro-testimonio-ayuda-aunque-sea-a-una-sola-mujer-seremos-felices\\\/\",\"name\":\"Testemunhar para ajudar os outros - Filles de la Charit\u00e9\",\"isPartOf\":{\"@id\":\"https:\\\/\\\/filles-de-la-charite.org\\\/pt-pt\\\/#website\"},\"primaryImageOfPage\":{\"@id\":\"https:\\\/\\\/filles-de-la-charite.org\\\/pt-pt\\\/si-nuestro-testimonio-ayuda-aunque-sea-a-una-sola-mujer-seremos-felices\\\/#primaryimage\"},\"image\":{\"@id\":\"https:\\\/\\\/filles-de-la-charite.org\\\/pt-pt\\\/si-nuestro-testimonio-ayuda-aunque-sea-a-una-sola-mujer-seremos-felices\\\/#primaryimage\"},\"thumbnailUrl\":\"https:\\\/\\\/filles-de-la-charite.org\\\/wp-content\\\/uploads\\\/2026\\\/02\\\/WhatsApp-Image-2026-01-29-at-16.07.54.jpeg\",\"datePublished\":\"2026-02-08T07:00:00+00:00\",\"dateModified\":\"2026-02-09T23:36:33+00:00\",\"breadcrumb\":{\"@id\":\"https:\\\/\\\/filles-de-la-charite.org\\\/pt-pt\\\/si-nuestro-testimonio-ayuda-aunque-sea-a-una-sola-mujer-seremos-felices\\\/#breadcrumb\"},\"inLanguage\":\"pt-PT\",\"potentialAction\":[{\"@type\":\"ReadAction\",\"target\":[\"https:\\\/\\\/filles-de-la-charite.org\\\/pt-pt\\\/si-nuestro-testimonio-ayuda-aunque-sea-a-una-sola-mujer-seremos-felices\\\/\"]}]},{\"@type\":\"ImageObject\",\"inLanguage\":\"pt-PT\",\"@id\":\"https:\\\/\\\/filles-de-la-charite.org\\\/pt-pt\\\/si-nuestro-testimonio-ayuda-aunque-sea-a-una-sola-mujer-seremos-felices\\\/#primaryimage\",\"url\":\"https:\\\/\\\/filles-de-la-charite.org\\\/wp-content\\\/uploads\\\/2026\\\/02\\\/WhatsApp-Image-2026-01-29-at-16.07.54.jpeg\",\"contentUrl\":\"https:\\\/\\\/filles-de-la-charite.org\\\/wp-content\\\/uploads\\\/2026\\\/02\\\/WhatsApp-Image-2026-01-29-at-16.07.54.jpeg\",\"width\":1600,\"height\":900},{\"@type\":\"BreadcrumbList\",\"@id\":\"https:\\\/\\\/filles-de-la-charite.org\\\/pt-pt\\\/si-nuestro-testimonio-ayuda-aunque-sea-a-una-sola-mujer-seremos-felices\\\/#breadcrumb\",\"itemListElement\":[{\"@type\":\"ListItem\",\"position\":1,\"name\":\"Pol\u00f3nia\",\"item\":\"https:\\\/\\\/filles-de-la-charite.org\\\/pt-pt\\\/category\\\/polonia\\\/\"},{\"@type\":\"ListItem\",\"position\":2,\"name\":\"Testemunhar para ajudar os outros\"}]},{\"@type\":\"WebSite\",\"@id\":\"https:\\\/\\\/filles-de-la-charite.org\\\/pt-pt\\\/#website\",\"url\":\"https:\\\/\\\/filles-de-la-charite.org\\\/pt-pt\\\/\",\"name\":\"Hijas de la Caridad\",\"description\":\"L\u2019amour de J\u00e9sus nous presse \u00e0 prendre soin des personnes les plus d\u00e9munies\",\"publisher\":{\"@id\":\"https:\\\/\\\/filles-de-la-charite.org\\\/pt-pt\\\/#organization\"},\"potentialAction\":[{\"@type\":\"SearchAction\",\"target\":{\"@type\":\"EntryPoint\",\"urlTemplate\":\"https:\\\/\\\/filles-de-la-charite.org\\\/pt-pt\\\/?s={search_term_string}\"},\"query-input\":{\"@type\":\"PropertyValueSpecification\",\"valueRequired\":true,\"valueName\":\"search_term_string\"}}],\"inLanguage\":\"pt-PT\"},{\"@type\":\"Organization\",\"@id\":\"https:\\\/\\\/filles-de-la-charite.org\\\/pt-pt\\\/#organization\",\"name\":\"Hijas de la Caridad\",\"url\":\"https:\\\/\\\/filles-de-la-charite.org\\\/pt-pt\\\/\",\"logo\":{\"@type\":\"ImageObject\",\"inLanguage\":\"pt-PT\",\"@id\":\"https:\\\/\\\/filles-de-la-charite.org\\\/pt-pt\\\/#\\\/schema\\\/logo\\\/image\\\/\",\"url\":\"https:\\\/\\\/filles-de-la-charite.org\\\/wp-content\\\/uploads\\\/2023\\\/03\\\/isotipo-Hijas-de-la-Caridad.png\",\"contentUrl\":\"https:\\\/\\\/filles-de-la-charite.org\\\/wp-content\\\/uploads\\\/2023\\\/03\\\/isotipo-Hijas-de-la-Caridad.png\",\"width\":1417,\"height\":1417,\"caption\":\"Hijas de la Caridad\"},\"image\":{\"@id\":\"https:\\\/\\\/filles-de-la-charite.org\\\/pt-pt\\\/#\\\/schema\\\/logo\\\/image\\\/\"}},{\"@type\":\"Person\",\"@id\":\"https:\\\/\\\/filles-de-la-charite.org\\\/pt-pt\\\/#\\\/schema\\\/person\\\/0c922b6ca71280639858d297b3a7209f\",\"name\":\"SOR MARTA\",\"image\":{\"@type\":\"ImageObject\",\"inLanguage\":\"pt-PT\",\"@id\":\"https:\\\/\\\/secure.gravatar.com\\\/avatar\\\/d2c45b0fd6bf2d3e2670ab3d112257c24ac80fa960360bba1bdc0676485d1d09?s=96&d=mm&r=g\",\"url\":\"https:\\\/\\\/secure.gravatar.com\\\/avatar\\\/d2c45b0fd6bf2d3e2670ab3d112257c24ac80fa960360bba1bdc0676485d1d09?s=96&d=mm&r=g\",\"contentUrl\":\"https:\\\/\\\/secure.gravatar.com\\\/avatar\\\/d2c45b0fd6bf2d3e2670ab3d112257c24ac80fa960360bba1bdc0676485d1d09?s=96&d=mm&r=g\",\"caption\":\"SOR MARTA\"},\"url\":\"https:\\\/\\\/filles-de-la-charite.org\\\/pt-pt\\\/author\\\/martaemn\\\/\"}]}<\/script>\n<!-- \/ Yoast SEO plugin. -->","yoast_head_json":{"title":"Testemunhar para ajudar os outros - Filles de la Charit\u00e9","robots":{"index":"index","follow":"follow","max-snippet":"max-snippet:-1","max-image-preview":"max-image-preview:large","max-video-preview":"max-video-preview:-1"},"canonical":"https:\/\/filles-de-la-charite.org\/pt-pt\/si-nuestro-testimonio-ayuda-aunque-sea-a-una-sola-mujer-seremos-felices\/","og_locale":"pt_PT","og_type":"article","og_title":"Testemunhar para ajudar os outros - Filles de la Charit\u00e9","og_description":"Em comunh\u00e3o com o Dia Internacional de Ora\u00e7\u00e3o e Reflex\u00e3o sobre o Combate ao Tr\u00e1fico de Pessoas, decidi conversar com as mulheres atendidas pelo Centro Diurno para Mulheres em situa\u00e7\u00e3o de rua e em situa\u00e7\u00e3o de vulnerabilidade, administrado pela Funda\u00e7\u00e3o Mi\u0142osierdzie. O que encontrei foi surpreendente: uma resposta calorosa, cheia de entusiasmo e abertura. Elas [&hellip;]","og_url":"https:\/\/filles-de-la-charite.org\/pt-pt\/si-nuestro-testimonio-ayuda-aunque-sea-a-una-sola-mujer-seremos-felices\/","og_site_name":"Filles de la Charit\u00e9","article_published_time":"2026-02-08T07:00:00+00:00","article_modified_time":"2026-02-09T23:36:33+00:00","og_image":[{"width":1600,"height":900,"url":"https:\/\/filles-de-la-charite.org\/wp-content\/uploads\/2026\/02\/WhatsApp-Image-2026-01-29-at-16.07.54.jpeg","type":"image\/jpeg"}],"author":"SOR MARTA","twitter_card":"summary_large_image","twitter_misc":{"Escrito por":"SOR MARTA","Tempo estimado de leitura":"4 minutos"},"schema":{"@context":"https:\/\/schema.org","@graph":[{"@type":"Article","@id":"https:\/\/filles-de-la-charite.org\/pt-pt\/si-nuestro-testimonio-ayuda-aunque-sea-a-una-sola-mujer-seremos-felices\/#article","isPartOf":{"@id":"https:\/\/filles-de-la-charite.org\/pt-pt\/si-nuestro-testimonio-ayuda-aunque-sea-a-una-sola-mujer-seremos-felices\/"},"author":{"name":"SOR MARTA","@id":"https:\/\/filles-de-la-charite.org\/pt-pt\/#\/schema\/person\/0c922b6ca71280639858d297b3a7209f"},"headline":"Testemunhar para ajudar os outros","datePublished":"2026-02-08T07:00:00+00:00","dateModified":"2026-02-09T23:36:33+00:00","mainEntityOfPage":{"@id":"https:\/\/filles-de-la-charite.org\/pt-pt\/si-nuestro-testimonio-ayuda-aunque-sea-a-una-sola-mujer-seremos-felices\/"},"wordCount":554,"publisher":{"@id":"https:\/\/filles-de-la-charite.org\/pt-pt\/#organization"},"image":{"@id":"https:\/\/filles-de-la-charite.org\/pt-pt\/si-nuestro-testimonio-ayuda-aunque-sea-a-una-sola-mujer-seremos-felices\/#primaryimage"},"thumbnailUrl":"https:\/\/filles-de-la-charite.org\/wp-content\/uploads\/2026\/02\/WhatsApp-Image-2026-01-29-at-16.07.54.jpeg","articleSection":["Pol\u00f3nia"],"inLanguage":"pt-PT"},{"@type":"WebPage","@id":"https:\/\/filles-de-la-charite.org\/pt-pt\/si-nuestro-testimonio-ayuda-aunque-sea-a-una-sola-mujer-seremos-felices\/","url":"https:\/\/filles-de-la-charite.org\/pt-pt\/si-nuestro-testimonio-ayuda-aunque-sea-a-una-sola-mujer-seremos-felices\/","name":"Testemunhar para ajudar os outros - Filles de la Charit\u00e9","isPartOf":{"@id":"https:\/\/filles-de-la-charite.org\/pt-pt\/#website"},"primaryImageOfPage":{"@id":"https:\/\/filles-de-la-charite.org\/pt-pt\/si-nuestro-testimonio-ayuda-aunque-sea-a-una-sola-mujer-seremos-felices\/#primaryimage"},"image":{"@id":"https:\/\/filles-de-la-charite.org\/pt-pt\/si-nuestro-testimonio-ayuda-aunque-sea-a-una-sola-mujer-seremos-felices\/#primaryimage"},"thumbnailUrl":"https:\/\/filles-de-la-charite.org\/wp-content\/uploads\/2026\/02\/WhatsApp-Image-2026-01-29-at-16.07.54.jpeg","datePublished":"2026-02-08T07:00:00+00:00","dateModified":"2026-02-09T23:36:33+00:00","breadcrumb":{"@id":"https:\/\/filles-de-la-charite.org\/pt-pt\/si-nuestro-testimonio-ayuda-aunque-sea-a-una-sola-mujer-seremos-felices\/#breadcrumb"},"inLanguage":"pt-PT","potentialAction":[{"@type":"ReadAction","target":["https:\/\/filles-de-la-charite.org\/pt-pt\/si-nuestro-testimonio-ayuda-aunque-sea-a-una-sola-mujer-seremos-felices\/"]}]},{"@type":"ImageObject","inLanguage":"pt-PT","@id":"https:\/\/filles-de-la-charite.org\/pt-pt\/si-nuestro-testimonio-ayuda-aunque-sea-a-una-sola-mujer-seremos-felices\/#primaryimage","url":"https:\/\/filles-de-la-charite.org\/wp-content\/uploads\/2026\/02\/WhatsApp-Image-2026-01-29-at-16.07.54.jpeg","contentUrl":"https:\/\/filles-de-la-charite.org\/wp-content\/uploads\/2026\/02\/WhatsApp-Image-2026-01-29-at-16.07.54.jpeg","width":1600,"height":900},{"@type":"BreadcrumbList","@id":"https:\/\/filles-de-la-charite.org\/pt-pt\/si-nuestro-testimonio-ayuda-aunque-sea-a-una-sola-mujer-seremos-felices\/#breadcrumb","itemListElement":[{"@type":"ListItem","position":1,"name":"Pol\u00f3nia","item":"https:\/\/filles-de-la-charite.org\/pt-pt\/category\/polonia\/"},{"@type":"ListItem","position":2,"name":"Testemunhar para ajudar os outros"}]},{"@type":"WebSite","@id":"https:\/\/filles-de-la-charite.org\/pt-pt\/#website","url":"https:\/\/filles-de-la-charite.org\/pt-pt\/","name":"Hijas de la Caridad","description":"L\u2019amour de J\u00e9sus nous presse \u00e0 prendre soin des personnes les plus d\u00e9munies","publisher":{"@id":"https:\/\/filles-de-la-charite.org\/pt-pt\/#organization"},"potentialAction":[{"@type":"SearchAction","target":{"@type":"EntryPoint","urlTemplate":"https:\/\/filles-de-la-charite.org\/pt-pt\/?s={search_term_string}"},"query-input":{"@type":"PropertyValueSpecification","valueRequired":true,"valueName":"search_term_string"}}],"inLanguage":"pt-PT"},{"@type":"Organization","@id":"https:\/\/filles-de-la-charite.org\/pt-pt\/#organization","name":"Hijas de la Caridad","url":"https:\/\/filles-de-la-charite.org\/pt-pt\/","logo":{"@type":"ImageObject","inLanguage":"pt-PT","@id":"https:\/\/filles-de-la-charite.org\/pt-pt\/#\/schema\/logo\/image\/","url":"https:\/\/filles-de-la-charite.org\/wp-content\/uploads\/2023\/03\/isotipo-Hijas-de-la-Caridad.png","contentUrl":"https:\/\/filles-de-la-charite.org\/wp-content\/uploads\/2023\/03\/isotipo-Hijas-de-la-Caridad.png","width":1417,"height":1417,"caption":"Hijas de la Caridad"},"image":{"@id":"https:\/\/filles-de-la-charite.org\/pt-pt\/#\/schema\/logo\/image\/"}},{"@type":"Person","@id":"https:\/\/filles-de-la-charite.org\/pt-pt\/#\/schema\/person\/0c922b6ca71280639858d297b3a7209f","name":"SOR MARTA","image":{"@type":"ImageObject","inLanguage":"pt-PT","@id":"https:\/\/secure.gravatar.com\/avatar\/d2c45b0fd6bf2d3e2670ab3d112257c24ac80fa960360bba1bdc0676485d1d09?s=96&d=mm&r=g","url":"https:\/\/secure.gravatar.com\/avatar\/d2c45b0fd6bf2d3e2670ab3d112257c24ac80fa960360bba1bdc0676485d1d09?s=96&d=mm&r=g","contentUrl":"https:\/\/secure.gravatar.com\/avatar\/d2c45b0fd6bf2d3e2670ab3d112257c24ac80fa960360bba1bdc0676485d1d09?s=96&d=mm&r=g","caption":"SOR MARTA"},"url":"https:\/\/filles-de-la-charite.org\/pt-pt\/author\/martaemn\/"}]}},"_links":{"self":[{"href":"https:\/\/filles-de-la-charite.org\/pt-pt\/wp-json\/wp\/v2\/posts\/48780","targetHints":{"allow":["GET"]}}],"collection":[{"href":"https:\/\/filles-de-la-charite.org\/pt-pt\/wp-json\/wp\/v2\/posts"}],"about":[{"href":"https:\/\/filles-de-la-charite.org\/pt-pt\/wp-json\/wp\/v2\/types\/post"}],"author":[{"embeddable":true,"href":"https:\/\/filles-de-la-charite.org\/pt-pt\/wp-json\/wp\/v2\/users\/5"}],"replies":[{"embeddable":true,"href":"https:\/\/filles-de-la-charite.org\/pt-pt\/wp-json\/wp\/v2\/comments?post=48780"}],"version-history":[{"count":2,"href":"https:\/\/filles-de-la-charite.org\/pt-pt\/wp-json\/wp\/v2\/posts\/48780\/revisions"}],"predecessor-version":[{"id":48852,"href":"https:\/\/filles-de-la-charite.org\/pt-pt\/wp-json\/wp\/v2\/posts\/48780\/revisions\/48852"}],"wp:featuredmedia":[{"embeddable":true,"href":"https:\/\/filles-de-la-charite.org\/pt-pt\/wp-json\/wp\/v2\/media\/48781"}],"wp:attachment":[{"href":"https:\/\/filles-de-la-charite.org\/pt-pt\/wp-json\/wp\/v2\/media?parent=48780"}],"wp:term":[{"taxonomy":"category","embeddable":true,"href":"https:\/\/filles-de-la-charite.org\/pt-pt\/wp-json\/wp\/v2\/categories?post=48780"},{"taxonomy":"post_tag","embeddable":true,"href":"https:\/\/filles-de-la-charite.org\/pt-pt\/wp-json\/wp\/v2\/tags?post=48780"}],"curies":[{"name":"wp","href":"https:\/\/api.w.org\/{rel}","templated":true}]}}