{"id":48827,"date":"2026-02-10T21:00:00","date_gmt":"2026-02-10T20:00:00","guid":{"rendered":"https:\/\/filles-de-la-charite.org\/?p=48827"},"modified":"2026-02-10T15:08:45","modified_gmt":"2026-02-10T14:08:45","slug":"una-mano-mas-es-una-victima-menos","status":"publish","type":"post","link":"https:\/\/filles-de-la-charite.org\/pt-pt\/una-mano-mas-es-una-victima-menos\/","title":{"rendered":"Uma m\u00e3o a mais \u00e9 uma v\u00edtima a menos"},"content":{"rendered":"\n<p><strong>O compromisso das Filhas da Caridade contra o tr\u00e1fico de pessoas na Col\u00f4mbia<\/strong><\/p>\n\n\n\n<p>Nas escolas, nos bairros e nas comunidades educativas, as Filhas da Caridade de S\u00e3o Vicente de Paulo, na Col\u00f4mbia, continuam a tecer uma rede de cuidado e preven\u00e7\u00e3o contra o tr\u00e1fico de pessoas. Por meio da Rede Defensores da Vida, uma iniciativa criada em 2009, as Filhas da Caridade, educadores e agentes sociais unem esfor\u00e7os para proteger, em especial, crian\u00e7as e adolescentes, os mais expostos \u00e0s novas formas de aliciamento e explora\u00e7\u00e3o. Este trabalho, recentemente destacado pelo <em>Vatican News<\/em>, nasce de uma convic\u00e7\u00e3o clara: cada a\u00e7\u00e3o de preven\u00e7\u00e3o \u00e9 uma oportunidade para salvar uma vida.<\/p>\n\n\n\n<figure class=\"wp-block-image size-large\"><img loading=\"lazy\" decoding=\"async\" width=\"1024\" height=\"576\" src=\"https:\/\/filles-de-la-charite.org\/wp-content\/uploads\/2026\/02\/WhatsApp-Image-2026-02-03-at-17.09.53-1024x576.jpeg\" alt=\"\" class=\"wp-image-48813\" srcset=\"https:\/\/filles-de-la-charite.org\/wp-content\/uploads\/2026\/02\/WhatsApp-Image-2026-02-03-at-17.09.53-1024x576.jpeg 1024w, https:\/\/filles-de-la-charite.org\/wp-content\/uploads\/2026\/02\/WhatsApp-Image-2026-02-03-at-17.09.53-980x551.jpeg 980w, https:\/\/filles-de-la-charite.org\/wp-content\/uploads\/2026\/02\/WhatsApp-Image-2026-02-03-at-17.09.53-480x270.jpeg 480w\" sizes=\"(min-width: 0px) and (max-width: 480px) 480px, (min-width: 481px) and (max-width: 980px) 980px, (min-width: 981px) 1024px, 100vw\" \/><\/figure>\n\n\n\n<p>A Rede desenvolve programas de forma\u00e7\u00e3o adaptados a diferentes idades e realidades, combinando pedagogia, acompanhamento e trabalho comunit\u00e1rio. Propostas como <em>Uma viagem a favor da vida<\/em> ou <em>As aventuras de um navegador<\/em> ajudam os mais novos a reconhecer situa\u00e7\u00f5es de risco, fortalecer a autoestima e construir um projeto de vida com sentido, enquanto os cursos para professores e os <em>workshops<\/em> com fam\u00edlias refor\u00e7am a capacidade de identifica\u00e7\u00e3o precoce e de resposta \u00e0s situa\u00e7\u00f5es de viol\u00eancia. Assim, a preven\u00e7\u00e3o torna-se uma experi\u00eancia partilhada de responsabilidade e cuidado.<\/p>\n\n\n\n<figure class=\"wp-block-image size-large\"><img loading=\"lazy\" decoding=\"async\" width=\"1024\" height=\"576\" src=\"https:\/\/filles-de-la-charite.org\/wp-content\/uploads\/2026\/02\/WhatsApp-Image-2026-02-03-at-17.11.52-1-1024x576.jpeg\" alt=\"\" class=\"wp-image-48816\" srcset=\"https:\/\/filles-de-la-charite.org\/wp-content\/uploads\/2026\/02\/WhatsApp-Image-2026-02-03-at-17.11.52-1-980x551.jpeg 980w, https:\/\/filles-de-la-charite.org\/wp-content\/uploads\/2026\/02\/WhatsApp-Image-2026-02-03-at-17.11.52-1-480x270.jpeg 480w\" sizes=\"(min-width: 0px) and (max-width: 480px) 480px, (min-width: 481px) and (max-width: 980px) 980px, (min-width: 981px) 1024px, 100vw\" \/><\/figure>\n\n\n\n<p>Inspiradas pelo carisma vicentino e pela op\u00e7\u00e3o preferencial pelos mais vulner\u00e1veis, as Filhas da Caridade vivem esta miss\u00e3o como uma presen\u00e7a constante onde a dignidade humana \u00e9 amea\u00e7ada. A Rede Defensores da Vida n\u00e3o apenas forma e sensibiliza, mas tamb\u00e9m cria la\u00e7os e consci\u00eancia coletiva, recordando que o combate ao tr\u00e1fico exige m\u00e3os unidas, olhares atentos e comunidades comprometidas. Porque, como afirma a Rede, uma m\u00e3o a mais pode significar uma v\u00edtima a menos.<\/p>\n\n\n\n<p><\/p>\n\n\n\n<p>Se deseja saber mais ou juntar-se ao projeto <strong>Defensores da Vida<\/strong>, entre em contacto conosco:<br><strong>E-mail:<\/strong><a> defensoresdevidas@gmail.com<\/a><br><strong>WhatsApp:<\/strong> +57 310 613 5155<br><strong>Redes sociais:<\/strong> Defensores de Vidas<br><strong>Site:<\/strong><a href=\"http:\/\/www.tratadepersonas.org\"> www.tratadepersonas.org<\/a><\/p>\n","protected":false},"excerpt":{"rendered":"<p>O compromisso das Filhas da Caridade contra o tr\u00e1fico de pessoas na Col\u00f4mbia Nas escolas, nos bairros e nas comunidades educativas, as Filhas da Caridade de S\u00e3o Vicente de Paulo, na Col\u00f4mbia, continuam a tecer uma rede de cuidado e preven\u00e7\u00e3o contra o tr\u00e1fico de pessoas. Por meio da Rede Defensores da Vida, uma iniciativa [&hellip;]<\/p>\n","protected":false},"author":5,"featured_media":48828,"comment_status":"closed","ping_status":"closed","sticky":false,"template":"","format":"standard","meta":{"_acf_changed":false,"_et_pb_use_builder":"","_et_pb_old_content":"","_et_gb_content_width":"","footnotes":"","_links_to":"","_links_to_target":""},"categories":[923],"tags":[],"class_list":["post-48827","post","type-post","status-publish","format-standard","has-post-thumbnail","hentry","category-colombia"],"acf":[],"yoast_head":"<!-- This site is optimized with the Yoast SEO plugin v27.5 - https:\/\/yoast.com\/product\/yoast-seo-wordpress\/ -->\n<title>Uma m\u00e3o a mais \u00e9 uma v\u00edtima a menos - Filles de la Charit\u00e9<\/title>\n<meta name=\"robots\" content=\"index, follow, max-snippet:-1, max-image-preview:large, max-video-preview:-1\" \/>\n<link rel=\"canonical\" href=\"https:\/\/filles-de-la-charite.org\/pt-pt\/una-mano-mas-es-una-victima-menos\/\" \/>\n<meta property=\"og:locale\" content=\"pt_PT\" \/>\n<meta property=\"og:type\" content=\"article\" \/>\n<meta property=\"og:title\" content=\"Uma m\u00e3o a mais \u00e9 uma v\u00edtima a menos - Filles de la Charit\u00e9\" \/>\n<meta property=\"og:description\" content=\"O compromisso das Filhas da Caridade contra o tr\u00e1fico de pessoas na Col\u00f4mbia Nas escolas, nos bairros e nas comunidades educativas, as Filhas da Caridade de S\u00e3o Vicente de Paulo, na Col\u00f4mbia, continuam a tecer uma rede de cuidado e preven\u00e7\u00e3o contra o tr\u00e1fico de pessoas. Por meio da Rede Defensores da Vida, uma iniciativa [&hellip;]\" \/>\n<meta property=\"og:url\" content=\"https:\/\/filles-de-la-charite.org\/pt-pt\/una-mano-mas-es-una-victima-menos\/\" \/>\n<meta property=\"og:site_name\" content=\"Filles de la Charit\u00e9\" \/>\n<meta property=\"article:published_time\" content=\"2026-02-10T20:00:00+00:00\" \/>\n<meta property=\"og:image\" content=\"https:\/\/filles-de-la-charite.org\/wp-content\/uploads\/2026\/02\/WhatsApp-Image-2026-02-03-at-16.18.24.jpeg\" \/>\n\t<meta property=\"og:image:width\" content=\"1600\" \/>\n\t<meta property=\"og:image:height\" content=\"1066\" \/>\n\t<meta property=\"og:image:type\" content=\"image\/jpeg\" \/>\n<meta name=\"author\" content=\"SOR MARTA\" \/>\n<meta name=\"twitter:card\" content=\"summary_large_image\" \/>\n<meta name=\"twitter:label1\" content=\"Escrito por\" \/>\n\t<meta name=\"twitter:data1\" content=\"SOR MARTA\" \/>\n\t<meta name=\"twitter:label2\" content=\"Tempo estimado de leitura\" \/>\n\t<meta name=\"twitter:data2\" content=\"2 minutos\" \/>\n<script type=\"application\/ld+json\" class=\"yoast-schema-graph\">{\"@context\":\"https:\\\/\\\/schema.org\",\"@graph\":[{\"@type\":\"Article\",\"@id\":\"https:\\\/\\\/filles-de-la-charite.org\\\/pt-pt\\\/una-mano-mas-es-una-victima-menos\\\/#article\",\"isPartOf\":{\"@id\":\"https:\\\/\\\/filles-de-la-charite.org\\\/pt-pt\\\/una-mano-mas-es-una-victima-menos\\\/\"},\"author\":{\"name\":\"SOR MARTA\",\"@id\":\"https:\\\/\\\/filles-de-la-charite.org\\\/pt-pt\\\/#\\\/schema\\\/person\\\/0c922b6ca71280639858d297b3a7209f\"},\"headline\":\"Uma m\u00e3o a mais \u00e9 uma v\u00edtima a menos\",\"datePublished\":\"2026-02-10T20:00:00+00:00\",\"mainEntityOfPage\":{\"@id\":\"https:\\\/\\\/filles-de-la-charite.org\\\/pt-pt\\\/una-mano-mas-es-una-victima-menos\\\/\"},\"wordCount\":339,\"publisher\":{\"@id\":\"https:\\\/\\\/filles-de-la-charite.org\\\/pt-pt\\\/#organization\"},\"image\":{\"@id\":\"https:\\\/\\\/filles-de-la-charite.org\\\/pt-pt\\\/una-mano-mas-es-una-victima-menos\\\/#primaryimage\"},\"thumbnailUrl\":\"https:\\\/\\\/filles-de-la-charite.org\\\/wp-content\\\/uploads\\\/2026\\\/02\\\/WhatsApp-Image-2026-02-03-at-16.18.24.jpeg\",\"articleSection\":[\"Col\u00f4mbia\"],\"inLanguage\":\"pt-PT\"},{\"@type\":\"WebPage\",\"@id\":\"https:\\\/\\\/filles-de-la-charite.org\\\/pt-pt\\\/una-mano-mas-es-una-victima-menos\\\/\",\"url\":\"https:\\\/\\\/filles-de-la-charite.org\\\/pt-pt\\\/una-mano-mas-es-una-victima-menos\\\/\",\"name\":\"Uma m\u00e3o a mais \u00e9 uma v\u00edtima a menos - Filles de la Charit\u00e9\",\"isPartOf\":{\"@id\":\"https:\\\/\\\/filles-de-la-charite.org\\\/pt-pt\\\/#website\"},\"primaryImageOfPage\":{\"@id\":\"https:\\\/\\\/filles-de-la-charite.org\\\/pt-pt\\\/una-mano-mas-es-una-victima-menos\\\/#primaryimage\"},\"image\":{\"@id\":\"https:\\\/\\\/filles-de-la-charite.org\\\/pt-pt\\\/una-mano-mas-es-una-victima-menos\\\/#primaryimage\"},\"thumbnailUrl\":\"https:\\\/\\\/filles-de-la-charite.org\\\/wp-content\\\/uploads\\\/2026\\\/02\\\/WhatsApp-Image-2026-02-03-at-16.18.24.jpeg\",\"datePublished\":\"2026-02-10T20:00:00+00:00\",\"breadcrumb\":{\"@id\":\"https:\\\/\\\/filles-de-la-charite.org\\\/pt-pt\\\/una-mano-mas-es-una-victima-menos\\\/#breadcrumb\"},\"inLanguage\":\"pt-PT\",\"potentialAction\":[{\"@type\":\"ReadAction\",\"target\":[\"https:\\\/\\\/filles-de-la-charite.org\\\/pt-pt\\\/una-mano-mas-es-una-victima-menos\\\/\"]}]},{\"@type\":\"ImageObject\",\"inLanguage\":\"pt-PT\",\"@id\":\"https:\\\/\\\/filles-de-la-charite.org\\\/pt-pt\\\/una-mano-mas-es-una-victima-menos\\\/#primaryimage\",\"url\":\"https:\\\/\\\/filles-de-la-charite.org\\\/wp-content\\\/uploads\\\/2026\\\/02\\\/WhatsApp-Image-2026-02-03-at-16.18.24.jpeg\",\"contentUrl\":\"https:\\\/\\\/filles-de-la-charite.org\\\/wp-content\\\/uploads\\\/2026\\\/02\\\/WhatsApp-Image-2026-02-03-at-16.18.24.jpeg\",\"width\":1600,\"height\":1066},{\"@type\":\"BreadcrumbList\",\"@id\":\"https:\\\/\\\/filles-de-la-charite.org\\\/pt-pt\\\/una-mano-mas-es-una-victima-menos\\\/#breadcrumb\",\"itemListElement\":[{\"@type\":\"ListItem\",\"position\":1,\"name\":\"Col\u00f4mbia\",\"item\":\"https:\\\/\\\/filles-de-la-charite.org\\\/pt-pt\\\/category\\\/colombia\\\/\"},{\"@type\":\"ListItem\",\"position\":2,\"name\":\"Uma m\u00e3o a mais \u00e9 uma v\u00edtima a menos\"}]},{\"@type\":\"WebSite\",\"@id\":\"https:\\\/\\\/filles-de-la-charite.org\\\/pt-pt\\\/#website\",\"url\":\"https:\\\/\\\/filles-de-la-charite.org\\\/pt-pt\\\/\",\"name\":\"Hijas de la Caridad\",\"description\":\"L\u2019amour de J\u00e9sus nous presse \u00e0 prendre soin des personnes les plus d\u00e9munies\",\"publisher\":{\"@id\":\"https:\\\/\\\/filles-de-la-charite.org\\\/pt-pt\\\/#organization\"},\"potentialAction\":[{\"@type\":\"SearchAction\",\"target\":{\"@type\":\"EntryPoint\",\"urlTemplate\":\"https:\\\/\\\/filles-de-la-charite.org\\\/pt-pt\\\/?s={search_term_string}\"},\"query-input\":{\"@type\":\"PropertyValueSpecification\",\"valueRequired\":true,\"valueName\":\"search_term_string\"}}],\"inLanguage\":\"pt-PT\"},{\"@type\":\"Organization\",\"@id\":\"https:\\\/\\\/filles-de-la-charite.org\\\/pt-pt\\\/#organization\",\"name\":\"Hijas de la Caridad\",\"url\":\"https:\\\/\\\/filles-de-la-charite.org\\\/pt-pt\\\/\",\"logo\":{\"@type\":\"ImageObject\",\"inLanguage\":\"pt-PT\",\"@id\":\"https:\\\/\\\/filles-de-la-charite.org\\\/pt-pt\\\/#\\\/schema\\\/logo\\\/image\\\/\",\"url\":\"https:\\\/\\\/filles-de-la-charite.org\\\/wp-content\\\/uploads\\\/2023\\\/03\\\/isotipo-Hijas-de-la-Caridad.png\",\"contentUrl\":\"https:\\\/\\\/filles-de-la-charite.org\\\/wp-content\\\/uploads\\\/2023\\\/03\\\/isotipo-Hijas-de-la-Caridad.png\",\"width\":1417,\"height\":1417,\"caption\":\"Hijas de la Caridad\"},\"image\":{\"@id\":\"https:\\\/\\\/filles-de-la-charite.org\\\/pt-pt\\\/#\\\/schema\\\/logo\\\/image\\\/\"}},{\"@type\":\"Person\",\"@id\":\"https:\\\/\\\/filles-de-la-charite.org\\\/pt-pt\\\/#\\\/schema\\\/person\\\/0c922b6ca71280639858d297b3a7209f\",\"name\":\"SOR MARTA\",\"image\":{\"@type\":\"ImageObject\",\"inLanguage\":\"pt-PT\",\"@id\":\"https:\\\/\\\/secure.gravatar.com\\\/avatar\\\/d2c45b0fd6bf2d3e2670ab3d112257c24ac80fa960360bba1bdc0676485d1d09?s=96&d=mm&r=g\",\"url\":\"https:\\\/\\\/secure.gravatar.com\\\/avatar\\\/d2c45b0fd6bf2d3e2670ab3d112257c24ac80fa960360bba1bdc0676485d1d09?s=96&d=mm&r=g\",\"contentUrl\":\"https:\\\/\\\/secure.gravatar.com\\\/avatar\\\/d2c45b0fd6bf2d3e2670ab3d112257c24ac80fa960360bba1bdc0676485d1d09?s=96&d=mm&r=g\",\"caption\":\"SOR MARTA\"},\"url\":\"https:\\\/\\\/filles-de-la-charite.org\\\/pt-pt\\\/author\\\/martaemn\\\/\"}]}<\/script>\n<!-- \/ Yoast SEO plugin. -->","yoast_head_json":{"title":"Uma m\u00e3o a mais \u00e9 uma v\u00edtima a menos - Filles de la Charit\u00e9","robots":{"index":"index","follow":"follow","max-snippet":"max-snippet:-1","max-image-preview":"max-image-preview:large","max-video-preview":"max-video-preview:-1"},"canonical":"https:\/\/filles-de-la-charite.org\/pt-pt\/una-mano-mas-es-una-victima-menos\/","og_locale":"pt_PT","og_type":"article","og_title":"Uma m\u00e3o a mais \u00e9 uma v\u00edtima a menos - Filles de la Charit\u00e9","og_description":"O compromisso das Filhas da Caridade contra o tr\u00e1fico de pessoas na Col\u00f4mbia Nas escolas, nos bairros e nas comunidades educativas, as Filhas da Caridade de S\u00e3o Vicente de Paulo, na Col\u00f4mbia, continuam a tecer uma rede de cuidado e preven\u00e7\u00e3o contra o tr\u00e1fico de pessoas. Por meio da Rede Defensores da Vida, uma iniciativa [&hellip;]","og_url":"https:\/\/filles-de-la-charite.org\/pt-pt\/una-mano-mas-es-una-victima-menos\/","og_site_name":"Filles de la Charit\u00e9","article_published_time":"2026-02-10T20:00:00+00:00","og_image":[{"width":1600,"height":1066,"url":"https:\/\/filles-de-la-charite.org\/wp-content\/uploads\/2026\/02\/WhatsApp-Image-2026-02-03-at-16.18.24.jpeg","type":"image\/jpeg"}],"author":"SOR MARTA","twitter_card":"summary_large_image","twitter_misc":{"Escrito por":"SOR MARTA","Tempo estimado de leitura":"2 minutos"},"schema":{"@context":"https:\/\/schema.org","@graph":[{"@type":"Article","@id":"https:\/\/filles-de-la-charite.org\/pt-pt\/una-mano-mas-es-una-victima-menos\/#article","isPartOf":{"@id":"https:\/\/filles-de-la-charite.org\/pt-pt\/una-mano-mas-es-una-victima-menos\/"},"author":{"name":"SOR MARTA","@id":"https:\/\/filles-de-la-charite.org\/pt-pt\/#\/schema\/person\/0c922b6ca71280639858d297b3a7209f"},"headline":"Uma m\u00e3o a mais \u00e9 uma v\u00edtima a menos","datePublished":"2026-02-10T20:00:00+00:00","mainEntityOfPage":{"@id":"https:\/\/filles-de-la-charite.org\/pt-pt\/una-mano-mas-es-una-victima-menos\/"},"wordCount":339,"publisher":{"@id":"https:\/\/filles-de-la-charite.org\/pt-pt\/#organization"},"image":{"@id":"https:\/\/filles-de-la-charite.org\/pt-pt\/una-mano-mas-es-una-victima-menos\/#primaryimage"},"thumbnailUrl":"https:\/\/filles-de-la-charite.org\/wp-content\/uploads\/2026\/02\/WhatsApp-Image-2026-02-03-at-16.18.24.jpeg","articleSection":["Col\u00f4mbia"],"inLanguage":"pt-PT"},{"@type":"WebPage","@id":"https:\/\/filles-de-la-charite.org\/pt-pt\/una-mano-mas-es-una-victima-menos\/","url":"https:\/\/filles-de-la-charite.org\/pt-pt\/una-mano-mas-es-una-victima-menos\/","name":"Uma m\u00e3o a mais \u00e9 uma v\u00edtima a menos - Filles de la Charit\u00e9","isPartOf":{"@id":"https:\/\/filles-de-la-charite.org\/pt-pt\/#website"},"primaryImageOfPage":{"@id":"https:\/\/filles-de-la-charite.org\/pt-pt\/una-mano-mas-es-una-victima-menos\/#primaryimage"},"image":{"@id":"https:\/\/filles-de-la-charite.org\/pt-pt\/una-mano-mas-es-una-victima-menos\/#primaryimage"},"thumbnailUrl":"https:\/\/filles-de-la-charite.org\/wp-content\/uploads\/2026\/02\/WhatsApp-Image-2026-02-03-at-16.18.24.jpeg","datePublished":"2026-02-10T20:00:00+00:00","breadcrumb":{"@id":"https:\/\/filles-de-la-charite.org\/pt-pt\/una-mano-mas-es-una-victima-menos\/#breadcrumb"},"inLanguage":"pt-PT","potentialAction":[{"@type":"ReadAction","target":["https:\/\/filles-de-la-charite.org\/pt-pt\/una-mano-mas-es-una-victima-menos\/"]}]},{"@type":"ImageObject","inLanguage":"pt-PT","@id":"https:\/\/filles-de-la-charite.org\/pt-pt\/una-mano-mas-es-una-victima-menos\/#primaryimage","url":"https:\/\/filles-de-la-charite.org\/wp-content\/uploads\/2026\/02\/WhatsApp-Image-2026-02-03-at-16.18.24.jpeg","contentUrl":"https:\/\/filles-de-la-charite.org\/wp-content\/uploads\/2026\/02\/WhatsApp-Image-2026-02-03-at-16.18.24.jpeg","width":1600,"height":1066},{"@type":"BreadcrumbList","@id":"https:\/\/filles-de-la-charite.org\/pt-pt\/una-mano-mas-es-una-victima-menos\/#breadcrumb","itemListElement":[{"@type":"ListItem","position":1,"name":"Col\u00f4mbia","item":"https:\/\/filles-de-la-charite.org\/pt-pt\/category\/colombia\/"},{"@type":"ListItem","position":2,"name":"Uma m\u00e3o a mais \u00e9 uma v\u00edtima a menos"}]},{"@type":"WebSite","@id":"https:\/\/filles-de-la-charite.org\/pt-pt\/#website","url":"https:\/\/filles-de-la-charite.org\/pt-pt\/","name":"Hijas de la Caridad","description":"L\u2019amour de J\u00e9sus nous presse \u00e0 prendre soin des personnes les plus d\u00e9munies","publisher":{"@id":"https:\/\/filles-de-la-charite.org\/pt-pt\/#organization"},"potentialAction":[{"@type":"SearchAction","target":{"@type":"EntryPoint","urlTemplate":"https:\/\/filles-de-la-charite.org\/pt-pt\/?s={search_term_string}"},"query-input":{"@type":"PropertyValueSpecification","valueRequired":true,"valueName":"search_term_string"}}],"inLanguage":"pt-PT"},{"@type":"Organization","@id":"https:\/\/filles-de-la-charite.org\/pt-pt\/#organization","name":"Hijas de la Caridad","url":"https:\/\/filles-de-la-charite.org\/pt-pt\/","logo":{"@type":"ImageObject","inLanguage":"pt-PT","@id":"https:\/\/filles-de-la-charite.org\/pt-pt\/#\/schema\/logo\/image\/","url":"https:\/\/filles-de-la-charite.org\/wp-content\/uploads\/2023\/03\/isotipo-Hijas-de-la-Caridad.png","contentUrl":"https:\/\/filles-de-la-charite.org\/wp-content\/uploads\/2023\/03\/isotipo-Hijas-de-la-Caridad.png","width":1417,"height":1417,"caption":"Hijas de la Caridad"},"image":{"@id":"https:\/\/filles-de-la-charite.org\/pt-pt\/#\/schema\/logo\/image\/"}},{"@type":"Person","@id":"https:\/\/filles-de-la-charite.org\/pt-pt\/#\/schema\/person\/0c922b6ca71280639858d297b3a7209f","name":"SOR MARTA","image":{"@type":"ImageObject","inLanguage":"pt-PT","@id":"https:\/\/secure.gravatar.com\/avatar\/d2c45b0fd6bf2d3e2670ab3d112257c24ac80fa960360bba1bdc0676485d1d09?s=96&d=mm&r=g","url":"https:\/\/secure.gravatar.com\/avatar\/d2c45b0fd6bf2d3e2670ab3d112257c24ac80fa960360bba1bdc0676485d1d09?s=96&d=mm&r=g","contentUrl":"https:\/\/secure.gravatar.com\/avatar\/d2c45b0fd6bf2d3e2670ab3d112257c24ac80fa960360bba1bdc0676485d1d09?s=96&d=mm&r=g","caption":"SOR MARTA"},"url":"https:\/\/filles-de-la-charite.org\/pt-pt\/author\/martaemn\/"}]}},"_links":{"self":[{"href":"https:\/\/filles-de-la-charite.org\/pt-pt\/wp-json\/wp\/v2\/posts\/48827","targetHints":{"allow":["GET"]}}],"collection":[{"href":"https:\/\/filles-de-la-charite.org\/pt-pt\/wp-json\/wp\/v2\/posts"}],"about":[{"href":"https:\/\/filles-de-la-charite.org\/pt-pt\/wp-json\/wp\/v2\/types\/post"}],"author":[{"embeddable":true,"href":"https:\/\/filles-de-la-charite.org\/pt-pt\/wp-json\/wp\/v2\/users\/5"}],"replies":[{"embeddable":true,"href":"https:\/\/filles-de-la-charite.org\/pt-pt\/wp-json\/wp\/v2\/comments?post=48827"}],"version-history":[{"count":3,"href":"https:\/\/filles-de-la-charite.org\/pt-pt\/wp-json\/wp\/v2\/posts\/48827\/revisions"}],"predecessor-version":[{"id":48861,"href":"https:\/\/filles-de-la-charite.org\/pt-pt\/wp-json\/wp\/v2\/posts\/48827\/revisions\/48861"}],"wp:featuredmedia":[{"embeddable":true,"href":"https:\/\/filles-de-la-charite.org\/pt-pt\/wp-json\/wp\/v2\/media\/48828"}],"wp:attachment":[{"href":"https:\/\/filles-de-la-charite.org\/pt-pt\/wp-json\/wp\/v2\/media?parent=48827"}],"wp:term":[{"taxonomy":"category","embeddable":true,"href":"https:\/\/filles-de-la-charite.org\/pt-pt\/wp-json\/wp\/v2\/categories?post=48827"},{"taxonomy":"post_tag","embeddable":true,"href":"https:\/\/filles-de-la-charite.org\/pt-pt\/wp-json\/wp\/v2\/tags?post=48827"}],"curies":[{"name":"wp","href":"https:\/\/api.w.org\/{rel}","templated":true}]}}