{"id":48910,"date":"2026-02-12T14:00:00","date_gmt":"2026-02-12T13:00:00","guid":{"rendered":"https:\/\/filles-de-la-charite.org\/?p=48910"},"modified":"2026-02-11T20:26:32","modified_gmt":"2026-02-11T19:26:32","slug":"esperanza-que-abraza-la-casa-de-acogida-sor-rosalia-rendu","status":"publish","type":"post","link":"https:\/\/filles-de-la-charite.org\/pt-pt\/esperanza-que-abraza-la-casa-de-acogida-sor-rosalia-rendu\/","title":{"rendered":"A Esperan\u00e7a que abra\u00e7a"},"content":{"rendered":"\n<h4 class=\"wp-block-heading\">Casa de Acolhimento Irm\u00e3 Ros\u00e1lia Rendu no Peru<\/h4>\n\n\n\n<p>\u201c<em>O tr\u00e1fico de seres humanos \u00e9 uma ferida no corpo da humanidade contempor\u00e2nea, uma chaga na carne de Cristo\u201d<\/em> (Papa Francisco).<\/p>\n\n\n\n<p>Desde mar\u00e7o de 2023, ano jubilar dos 400 anos da Luz de Pentecostes, o Senhor nos colocou, de forma providencial, diante de um servi\u00e7o arriscado e audaz. Assumimos este desafio, convencidas de que a vida consagrada deve estar \u201conde a vida clama\u201d. Por isso, acolhemos o chamado de \u201cser mulheres samaritanas \u00e0 beira do caminho, atentas para escutar e curar as feridas\u201d.<\/p>\n\n\n\n<p>Iniciamos esta caminhada de servi\u00e7o acolhendo uma jovem m\u00e3e venezuelana, gr\u00e1vida de 22 anos, v\u00edtima de tr\u00e1fico de pessoas na modalidade de explora\u00e7\u00e3o sexual, cujo beb\u00ea j\u00e1 havia sido vendido pela organiza\u00e7\u00e3o criminosa. Ela havia passado por experi\u00eancias indescrit\u00edveis e presenciou a morte de uma amiga que, n\u00e3o suportando a press\u00e3o, enforcou-se no banheiro. Seu maior sentimento de dor e culpa era n\u00e3o ter conseguido fazer nada para salvar a amiga.<\/p>\n\n\n\n<p>Ap\u00f3s tr\u00eas meses de perman\u00eancia em nossa casa, felizmente p\u00f4de retornar ao seu pa\u00eds. Conseguimos coordenar esse retorno com nossas irm\u00e3s da Venezuela, que ofereceram acolhida e aten\u00e7\u00e3o \u00e0 jovem e \u00e0 sua fam\u00edlia.<\/p>\n\n\n\n<p>S\u00e3o muitas as hist\u00f3rias de dor que acolhemos e acompanhamos, e estamos convencidas de que Deus conta conosco para aliviar, ao menos em parte, o sofrimento daquelas mulheres cuja dignidade foi profundamente violada. Neste lugar, elas recuperam um pouco de esperan\u00e7a depois de tanto sofrimento. \u00c9 Jesus Cristo, nosso modelo de compaix\u00e3o e miseric\u00f3rdia, quem nos inspira e nos impulsiona a abra\u00e7ar este servi\u00e7o.<\/p>\n\n\n\n<figure class=\"wp-block-image size-large\"><img loading=\"lazy\" decoding=\"async\" width=\"1024\" height=\"773\" src=\"https:\/\/filles-de-la-charite.org\/wp-content\/uploads\/2026\/02\/WhatsApp-Image-2026-02-10-at-12.06.45-1024x773.jpeg\" alt=\"\" class=\"wp-image-48899\" srcset=\"https:\/\/filles-de-la-charite.org\/wp-content\/uploads\/2026\/02\/WhatsApp-Image-2026-02-10-at-12.06.45-1024x773.jpeg 1024w, https:\/\/filles-de-la-charite.org\/wp-content\/uploads\/2026\/02\/WhatsApp-Image-2026-02-10-at-12.06.45-980x740.jpeg 980w, https:\/\/filles-de-la-charite.org\/wp-content\/uploads\/2026\/02\/WhatsApp-Image-2026-02-10-at-12.06.45-480x362.jpeg 480w\" sizes=\"(min-width: 0px) and (max-width: 480px) 480px, (min-width: 481px) and (max-width: 980px) 980px, (min-width: 981px) 1024px, 100vw\" \/><\/figure>\n\n\n\n<p><strong>Acolher \u2013 Acompanhar \u2013 Empoderar:<\/strong> esta \u00e9 nossa miss\u00e3o junto \u00e0s irm\u00e3s cuja dignidade foi pisoteada, capacitando-as para recuperar suas vidas. Estamos conscientes de que se trata de um servi\u00e7o que exige prud\u00eancia e aud\u00e1cia. Acolhemos casos encaminhados pelo Minist\u00e9rio P\u00fablico e, como o hospedeiro da par\u00e1bola do Bom Samaritano, temos a miss\u00e3o de \u201ccuidar da vida ferida\u201d de nossas irm\u00e3s que tanto sofreram, como aquela jovem colombiana de 22 anos que chegou \u00e0 casa com 12 ferimentos de bala no corpo. \u201cCuidar e acompanhar \u00e9 nossa miss\u00e3o.\u201d<\/p>\n\n\n\n<p>Cada mulher \u00e9 uma representa\u00e7\u00e3o viva de Cristo sofredor em nosso meio. A casa de acolhida \u00e9 um <strong><em>o\u00e1sis de esperan\u00e7a<\/em><\/strong>, um espa\u00e7o sagrado de cura, onde, por meio de uma aten\u00e7\u00e3o integral, as mulheres aprendem a acreditar em si mesmas, a se amar e a se valorizar como criadas e amadas por Deus. Fazemos isso com profundo respeito, escuta e miseric\u00f3rdia. Elas s\u00e3o verdadeiros testemunhos de resili\u00eancia, pois, mesmo diante da dor mais profunda, nunca deixam de sorrir.<\/p>\n\n\n\n<figure class=\"wp-block-image size-large\"><img loading=\"lazy\" decoding=\"async\" width=\"1024\" height=\"681\" src=\"https:\/\/filles-de-la-charite.org\/wp-content\/uploads\/2026\/02\/WhatsApp-Image-2026-02-10-at-12.06.47-1-1024x681.jpeg\" alt=\"\" class=\"wp-image-48898\" srcset=\"https:\/\/filles-de-la-charite.org\/wp-content\/uploads\/2026\/02\/WhatsApp-Image-2026-02-10-at-12.06.47-1-1024x681.jpeg 1024w, https:\/\/filles-de-la-charite.org\/wp-content\/uploads\/2026\/02\/WhatsApp-Image-2026-02-10-at-12.06.47-1-980x652.jpeg 980w, https:\/\/filles-de-la-charite.org\/wp-content\/uploads\/2026\/02\/WhatsApp-Image-2026-02-10-at-12.06.47-1-480x319.jpeg 480w\" sizes=\"(min-width: 0px) and (max-width: 480px) 480px, (min-width: 481px) and (max-width: 980px) 980px, (min-width: 981px) 1024px, 100vw\" \/><\/figure>\n\n\n\n<p>Este servi\u00e7o \u00e9 poss\u00edvel gra\u00e7as \u00e0 uni\u00e3o de muitas organiza\u00e7\u00f5es que, de diversas formas, apoiaram e continuam apoiando esta miss\u00e3o: <strong>RED KAWSAY<\/strong> (Rede da Vida Consagrada por uma sociedade sem Tr\u00e1fico \u2013 Peru), <strong>RED INTERNACIONAL TALITHA KUM<\/strong>, <strong>Congrega\u00e7\u00e3o da Miss\u00e3o<\/strong>, <strong>OIM<\/strong>, <strong>ACNUR<\/strong>, <strong>OUR RESCUE<\/strong> e <strong>Minist\u00e9rio P\u00fablico<\/strong>.<\/p>\n\n\n\n<p>Convido voc\u00eas a manter estas mulheres presentes em seus cora\u00e7\u00f5es e ora\u00e7\u00f5es, e a caminhar conosco, onde quer que estejam, nesta miss\u00e3o compartilhada de cura, justi\u00e7a e esperan\u00e7a.<\/p>\n\n\n\n<p>Que <strong>Santa Josefina Bakhita<\/strong> nos conceda o impulso para continuar lutando por uma sociedade sem tr\u00e1fico de pessoas. A ela confiamos cada uma das mulheres que sobreviveram a este flagelo e aquelas que ainda vivem na escravid\u00e3o.<\/p>\n","protected":false},"excerpt":{"rendered":"<p>Casa de Acolhimento Irm\u00e3 Ros\u00e1lia Rendu no Peru \u201cO tr\u00e1fico de seres humanos \u00e9 uma ferida no corpo da humanidade contempor\u00e2nea, uma chaga na carne de Cristo\u201d (Papa Francisco). Desde mar\u00e7o de 2023, ano jubilar dos 400 anos da Luz de Pentecostes, o Senhor nos colocou, de forma providencial, diante de um servi\u00e7o arriscado e [&hellip;]<\/p>\n","protected":false},"author":5,"featured_media":48911,"comment_status":"closed","ping_status":"closed","sticky":false,"template":"","format":"standard","meta":{"_acf_changed":false,"_et_pb_use_builder":"","_et_pb_old_content":"","_et_gb_content_width":"","footnotes":"","_links_to":"","_links_to_target":""},"categories":[929],"tags":[],"class_list":["post-48910","post","type-post","status-publish","format-standard","has-post-thumbnail","hentry","category-peru"],"acf":[],"yoast_head":"<!-- This site is optimized with the Yoast SEO plugin v27.5 - https:\/\/yoast.com\/product\/yoast-seo-wordpress\/ -->\n<title>A Esperan\u00e7a que abra\u00e7a - Filles de la Charit\u00e9<\/title>\n<meta name=\"robots\" content=\"index, follow, max-snippet:-1, max-image-preview:large, max-video-preview:-1\" \/>\n<link rel=\"canonical\" href=\"https:\/\/filles-de-la-charite.org\/pt-pt\/esperanza-que-abraza-la-casa-de-acogida-sor-rosalia-rendu\/\" \/>\n<meta property=\"og:locale\" content=\"pt_PT\" \/>\n<meta property=\"og:type\" content=\"article\" \/>\n<meta property=\"og:title\" content=\"A Esperan\u00e7a que abra\u00e7a - Filles de la Charit\u00e9\" \/>\n<meta property=\"og:description\" content=\"Casa de Acolhimento Irm\u00e3 Ros\u00e1lia Rendu no Peru \u201cO tr\u00e1fico de seres humanos \u00e9 uma ferida no corpo da humanidade contempor\u00e2nea, uma chaga na carne de Cristo\u201d (Papa Francisco). Desde mar\u00e7o de 2023, ano jubilar dos 400 anos da Luz de Pentecostes, o Senhor nos colocou, de forma providencial, diante de um servi\u00e7o arriscado e [&hellip;]\" \/>\n<meta property=\"og:url\" content=\"https:\/\/filles-de-la-charite.org\/pt-pt\/esperanza-que-abraza-la-casa-de-acogida-sor-rosalia-rendu\/\" \/>\n<meta property=\"og:site_name\" content=\"Filles de la Charit\u00e9\" \/>\n<meta property=\"article:published_time\" content=\"2026-02-12T13:00:00+00:00\" \/>\n<meta property=\"og:image\" content=\"https:\/\/filles-de-la-charite.org\/wp-content\/uploads\/2026\/02\/WhatsApp-Image-2026-02-10-at-12.06.46.jpeg\" \/>\n\t<meta property=\"og:image:width\" content=\"960\" \/>\n\t<meta property=\"og:image:height\" content=\"1280\" \/>\n\t<meta property=\"og:image:type\" content=\"image\/jpeg\" \/>\n<meta name=\"author\" content=\"SOR MARTA\" \/>\n<meta name=\"twitter:card\" content=\"summary_large_image\" \/>\n<meta name=\"twitter:label1\" content=\"Escrito por\" \/>\n\t<meta name=\"twitter:data1\" content=\"SOR MARTA\" \/>\n\t<meta name=\"twitter:label2\" content=\"Tempo estimado de leitura\" \/>\n\t<meta name=\"twitter:data2\" content=\"3 minutos\" \/>\n<script type=\"application\/ld+json\" class=\"yoast-schema-graph\">{\"@context\":\"https:\\\/\\\/schema.org\",\"@graph\":[{\"@type\":\"Article\",\"@id\":\"https:\\\/\\\/filles-de-la-charite.org\\\/pt-pt\\\/esperanza-que-abraza-la-casa-de-acogida-sor-rosalia-rendu\\\/#article\",\"isPartOf\":{\"@id\":\"https:\\\/\\\/filles-de-la-charite.org\\\/pt-pt\\\/esperanza-que-abraza-la-casa-de-acogida-sor-rosalia-rendu\\\/\"},\"author\":{\"name\":\"SOR MARTA\",\"@id\":\"https:\\\/\\\/filles-de-la-charite.org\\\/pt-pt\\\/#\\\/schema\\\/person\\\/0c922b6ca71280639858d297b3a7209f\"},\"headline\":\"A Esperan\u00e7a que abra\u00e7a\",\"datePublished\":\"2026-02-12T13:00:00+00:00\",\"mainEntityOfPage\":{\"@id\":\"https:\\\/\\\/filles-de-la-charite.org\\\/pt-pt\\\/esperanza-que-abraza-la-casa-de-acogida-sor-rosalia-rendu\\\/\"},\"wordCount\":595,\"publisher\":{\"@id\":\"https:\\\/\\\/filles-de-la-charite.org\\\/pt-pt\\\/#organization\"},\"image\":{\"@id\":\"https:\\\/\\\/filles-de-la-charite.org\\\/pt-pt\\\/esperanza-que-abraza-la-casa-de-acogida-sor-rosalia-rendu\\\/#primaryimage\"},\"thumbnailUrl\":\"https:\\\/\\\/filles-de-la-charite.org\\\/wp-content\\\/uploads\\\/2026\\\/02\\\/WhatsApp-Image-2026-02-10-at-12.06.46.jpeg\",\"articleSection\":[\"Peru\"],\"inLanguage\":\"pt-PT\"},{\"@type\":\"WebPage\",\"@id\":\"https:\\\/\\\/filles-de-la-charite.org\\\/pt-pt\\\/esperanza-que-abraza-la-casa-de-acogida-sor-rosalia-rendu\\\/\",\"url\":\"https:\\\/\\\/filles-de-la-charite.org\\\/pt-pt\\\/esperanza-que-abraza-la-casa-de-acogida-sor-rosalia-rendu\\\/\",\"name\":\"A Esperan\u00e7a que abra\u00e7a - Filles de la Charit\u00e9\",\"isPartOf\":{\"@id\":\"https:\\\/\\\/filles-de-la-charite.org\\\/pt-pt\\\/#website\"},\"primaryImageOfPage\":{\"@id\":\"https:\\\/\\\/filles-de-la-charite.org\\\/pt-pt\\\/esperanza-que-abraza-la-casa-de-acogida-sor-rosalia-rendu\\\/#primaryimage\"},\"image\":{\"@id\":\"https:\\\/\\\/filles-de-la-charite.org\\\/pt-pt\\\/esperanza-que-abraza-la-casa-de-acogida-sor-rosalia-rendu\\\/#primaryimage\"},\"thumbnailUrl\":\"https:\\\/\\\/filles-de-la-charite.org\\\/wp-content\\\/uploads\\\/2026\\\/02\\\/WhatsApp-Image-2026-02-10-at-12.06.46.jpeg\",\"datePublished\":\"2026-02-12T13:00:00+00:00\",\"breadcrumb\":{\"@id\":\"https:\\\/\\\/filles-de-la-charite.org\\\/pt-pt\\\/esperanza-que-abraza-la-casa-de-acogida-sor-rosalia-rendu\\\/#breadcrumb\"},\"inLanguage\":\"pt-PT\",\"potentialAction\":[{\"@type\":\"ReadAction\",\"target\":[\"https:\\\/\\\/filles-de-la-charite.org\\\/pt-pt\\\/esperanza-que-abraza-la-casa-de-acogida-sor-rosalia-rendu\\\/\"]}]},{\"@type\":\"ImageObject\",\"inLanguage\":\"pt-PT\",\"@id\":\"https:\\\/\\\/filles-de-la-charite.org\\\/pt-pt\\\/esperanza-que-abraza-la-casa-de-acogida-sor-rosalia-rendu\\\/#primaryimage\",\"url\":\"https:\\\/\\\/filles-de-la-charite.org\\\/wp-content\\\/uploads\\\/2026\\\/02\\\/WhatsApp-Image-2026-02-10-at-12.06.46.jpeg\",\"contentUrl\":\"https:\\\/\\\/filles-de-la-charite.org\\\/wp-content\\\/uploads\\\/2026\\\/02\\\/WhatsApp-Image-2026-02-10-at-12.06.46.jpeg\",\"width\":960,\"height\":1280},{\"@type\":\"BreadcrumbList\",\"@id\":\"https:\\\/\\\/filles-de-la-charite.org\\\/pt-pt\\\/esperanza-que-abraza-la-casa-de-acogida-sor-rosalia-rendu\\\/#breadcrumb\",\"itemListElement\":[{\"@type\":\"ListItem\",\"position\":1,\"name\":\"Peru\",\"item\":\"https:\\\/\\\/filles-de-la-charite.org\\\/pt-pt\\\/category\\\/peru\\\/\"},{\"@type\":\"ListItem\",\"position\":2,\"name\":\"A Esperan\u00e7a que abra\u00e7a\"}]},{\"@type\":\"WebSite\",\"@id\":\"https:\\\/\\\/filles-de-la-charite.org\\\/pt-pt\\\/#website\",\"url\":\"https:\\\/\\\/filles-de-la-charite.org\\\/pt-pt\\\/\",\"name\":\"Hijas de la Caridad\",\"description\":\"L\u2019amour de J\u00e9sus nous presse \u00e0 prendre soin des personnes les plus d\u00e9munies\",\"publisher\":{\"@id\":\"https:\\\/\\\/filles-de-la-charite.org\\\/pt-pt\\\/#organization\"},\"potentialAction\":[{\"@type\":\"SearchAction\",\"target\":{\"@type\":\"EntryPoint\",\"urlTemplate\":\"https:\\\/\\\/filles-de-la-charite.org\\\/pt-pt\\\/?s={search_term_string}\"},\"query-input\":{\"@type\":\"PropertyValueSpecification\",\"valueRequired\":true,\"valueName\":\"search_term_string\"}}],\"inLanguage\":\"pt-PT\"},{\"@type\":\"Organization\",\"@id\":\"https:\\\/\\\/filles-de-la-charite.org\\\/pt-pt\\\/#organization\",\"name\":\"Hijas de la Caridad\",\"url\":\"https:\\\/\\\/filles-de-la-charite.org\\\/pt-pt\\\/\",\"logo\":{\"@type\":\"ImageObject\",\"inLanguage\":\"pt-PT\",\"@id\":\"https:\\\/\\\/filles-de-la-charite.org\\\/pt-pt\\\/#\\\/schema\\\/logo\\\/image\\\/\",\"url\":\"https:\\\/\\\/filles-de-la-charite.org\\\/wp-content\\\/uploads\\\/2023\\\/03\\\/isotipo-Hijas-de-la-Caridad.png\",\"contentUrl\":\"https:\\\/\\\/filles-de-la-charite.org\\\/wp-content\\\/uploads\\\/2023\\\/03\\\/isotipo-Hijas-de-la-Caridad.png\",\"width\":1417,\"height\":1417,\"caption\":\"Hijas de la Caridad\"},\"image\":{\"@id\":\"https:\\\/\\\/filles-de-la-charite.org\\\/pt-pt\\\/#\\\/schema\\\/logo\\\/image\\\/\"}},{\"@type\":\"Person\",\"@id\":\"https:\\\/\\\/filles-de-la-charite.org\\\/pt-pt\\\/#\\\/schema\\\/person\\\/0c922b6ca71280639858d297b3a7209f\",\"name\":\"SOR MARTA\",\"image\":{\"@type\":\"ImageObject\",\"inLanguage\":\"pt-PT\",\"@id\":\"https:\\\/\\\/secure.gravatar.com\\\/avatar\\\/d2c45b0fd6bf2d3e2670ab3d112257c24ac80fa960360bba1bdc0676485d1d09?s=96&d=mm&r=g\",\"url\":\"https:\\\/\\\/secure.gravatar.com\\\/avatar\\\/d2c45b0fd6bf2d3e2670ab3d112257c24ac80fa960360bba1bdc0676485d1d09?s=96&d=mm&r=g\",\"contentUrl\":\"https:\\\/\\\/secure.gravatar.com\\\/avatar\\\/d2c45b0fd6bf2d3e2670ab3d112257c24ac80fa960360bba1bdc0676485d1d09?s=96&d=mm&r=g\",\"caption\":\"SOR MARTA\"},\"url\":\"https:\\\/\\\/filles-de-la-charite.org\\\/pt-pt\\\/author\\\/martaemn\\\/\"}]}<\/script>\n<!-- \/ Yoast SEO plugin. -->","yoast_head_json":{"title":"A Esperan\u00e7a que abra\u00e7a - Filles de la Charit\u00e9","robots":{"index":"index","follow":"follow","max-snippet":"max-snippet:-1","max-image-preview":"max-image-preview:large","max-video-preview":"max-video-preview:-1"},"canonical":"https:\/\/filles-de-la-charite.org\/pt-pt\/esperanza-que-abraza-la-casa-de-acogida-sor-rosalia-rendu\/","og_locale":"pt_PT","og_type":"article","og_title":"A Esperan\u00e7a que abra\u00e7a - Filles de la Charit\u00e9","og_description":"Casa de Acolhimento Irm\u00e3 Ros\u00e1lia Rendu no Peru \u201cO tr\u00e1fico de seres humanos \u00e9 uma ferida no corpo da humanidade contempor\u00e2nea, uma chaga na carne de Cristo\u201d (Papa Francisco). Desde mar\u00e7o de 2023, ano jubilar dos 400 anos da Luz de Pentecostes, o Senhor nos colocou, de forma providencial, diante de um servi\u00e7o arriscado e [&hellip;]","og_url":"https:\/\/filles-de-la-charite.org\/pt-pt\/esperanza-que-abraza-la-casa-de-acogida-sor-rosalia-rendu\/","og_site_name":"Filles de la Charit\u00e9","article_published_time":"2026-02-12T13:00:00+00:00","og_image":[{"width":960,"height":1280,"url":"https:\/\/filles-de-la-charite.org\/wp-content\/uploads\/2026\/02\/WhatsApp-Image-2026-02-10-at-12.06.46.jpeg","type":"image\/jpeg"}],"author":"SOR MARTA","twitter_card":"summary_large_image","twitter_misc":{"Escrito por":"SOR MARTA","Tempo estimado de leitura":"3 minutos"},"schema":{"@context":"https:\/\/schema.org","@graph":[{"@type":"Article","@id":"https:\/\/filles-de-la-charite.org\/pt-pt\/esperanza-que-abraza-la-casa-de-acogida-sor-rosalia-rendu\/#article","isPartOf":{"@id":"https:\/\/filles-de-la-charite.org\/pt-pt\/esperanza-que-abraza-la-casa-de-acogida-sor-rosalia-rendu\/"},"author":{"name":"SOR MARTA","@id":"https:\/\/filles-de-la-charite.org\/pt-pt\/#\/schema\/person\/0c922b6ca71280639858d297b3a7209f"},"headline":"A Esperan\u00e7a que abra\u00e7a","datePublished":"2026-02-12T13:00:00+00:00","mainEntityOfPage":{"@id":"https:\/\/filles-de-la-charite.org\/pt-pt\/esperanza-que-abraza-la-casa-de-acogida-sor-rosalia-rendu\/"},"wordCount":595,"publisher":{"@id":"https:\/\/filles-de-la-charite.org\/pt-pt\/#organization"},"image":{"@id":"https:\/\/filles-de-la-charite.org\/pt-pt\/esperanza-que-abraza-la-casa-de-acogida-sor-rosalia-rendu\/#primaryimage"},"thumbnailUrl":"https:\/\/filles-de-la-charite.org\/wp-content\/uploads\/2026\/02\/WhatsApp-Image-2026-02-10-at-12.06.46.jpeg","articleSection":["Peru"],"inLanguage":"pt-PT"},{"@type":"WebPage","@id":"https:\/\/filles-de-la-charite.org\/pt-pt\/esperanza-que-abraza-la-casa-de-acogida-sor-rosalia-rendu\/","url":"https:\/\/filles-de-la-charite.org\/pt-pt\/esperanza-que-abraza-la-casa-de-acogida-sor-rosalia-rendu\/","name":"A Esperan\u00e7a que abra\u00e7a - Filles de la Charit\u00e9","isPartOf":{"@id":"https:\/\/filles-de-la-charite.org\/pt-pt\/#website"},"primaryImageOfPage":{"@id":"https:\/\/filles-de-la-charite.org\/pt-pt\/esperanza-que-abraza-la-casa-de-acogida-sor-rosalia-rendu\/#primaryimage"},"image":{"@id":"https:\/\/filles-de-la-charite.org\/pt-pt\/esperanza-que-abraza-la-casa-de-acogida-sor-rosalia-rendu\/#primaryimage"},"thumbnailUrl":"https:\/\/filles-de-la-charite.org\/wp-content\/uploads\/2026\/02\/WhatsApp-Image-2026-02-10-at-12.06.46.jpeg","datePublished":"2026-02-12T13:00:00+00:00","breadcrumb":{"@id":"https:\/\/filles-de-la-charite.org\/pt-pt\/esperanza-que-abraza-la-casa-de-acogida-sor-rosalia-rendu\/#breadcrumb"},"inLanguage":"pt-PT","potentialAction":[{"@type":"ReadAction","target":["https:\/\/filles-de-la-charite.org\/pt-pt\/esperanza-que-abraza-la-casa-de-acogida-sor-rosalia-rendu\/"]}]},{"@type":"ImageObject","inLanguage":"pt-PT","@id":"https:\/\/filles-de-la-charite.org\/pt-pt\/esperanza-que-abraza-la-casa-de-acogida-sor-rosalia-rendu\/#primaryimage","url":"https:\/\/filles-de-la-charite.org\/wp-content\/uploads\/2026\/02\/WhatsApp-Image-2026-02-10-at-12.06.46.jpeg","contentUrl":"https:\/\/filles-de-la-charite.org\/wp-content\/uploads\/2026\/02\/WhatsApp-Image-2026-02-10-at-12.06.46.jpeg","width":960,"height":1280},{"@type":"BreadcrumbList","@id":"https:\/\/filles-de-la-charite.org\/pt-pt\/esperanza-que-abraza-la-casa-de-acogida-sor-rosalia-rendu\/#breadcrumb","itemListElement":[{"@type":"ListItem","position":1,"name":"Peru","item":"https:\/\/filles-de-la-charite.org\/pt-pt\/category\/peru\/"},{"@type":"ListItem","position":2,"name":"A Esperan\u00e7a que abra\u00e7a"}]},{"@type":"WebSite","@id":"https:\/\/filles-de-la-charite.org\/pt-pt\/#website","url":"https:\/\/filles-de-la-charite.org\/pt-pt\/","name":"Hijas de la Caridad","description":"L\u2019amour de J\u00e9sus nous presse \u00e0 prendre soin des personnes les plus d\u00e9munies","publisher":{"@id":"https:\/\/filles-de-la-charite.org\/pt-pt\/#organization"},"potentialAction":[{"@type":"SearchAction","target":{"@type":"EntryPoint","urlTemplate":"https:\/\/filles-de-la-charite.org\/pt-pt\/?s={search_term_string}"},"query-input":{"@type":"PropertyValueSpecification","valueRequired":true,"valueName":"search_term_string"}}],"inLanguage":"pt-PT"},{"@type":"Organization","@id":"https:\/\/filles-de-la-charite.org\/pt-pt\/#organization","name":"Hijas de la Caridad","url":"https:\/\/filles-de-la-charite.org\/pt-pt\/","logo":{"@type":"ImageObject","inLanguage":"pt-PT","@id":"https:\/\/filles-de-la-charite.org\/pt-pt\/#\/schema\/logo\/image\/","url":"https:\/\/filles-de-la-charite.org\/wp-content\/uploads\/2023\/03\/isotipo-Hijas-de-la-Caridad.png","contentUrl":"https:\/\/filles-de-la-charite.org\/wp-content\/uploads\/2023\/03\/isotipo-Hijas-de-la-Caridad.png","width":1417,"height":1417,"caption":"Hijas de la Caridad"},"image":{"@id":"https:\/\/filles-de-la-charite.org\/pt-pt\/#\/schema\/logo\/image\/"}},{"@type":"Person","@id":"https:\/\/filles-de-la-charite.org\/pt-pt\/#\/schema\/person\/0c922b6ca71280639858d297b3a7209f","name":"SOR MARTA","image":{"@type":"ImageObject","inLanguage":"pt-PT","@id":"https:\/\/secure.gravatar.com\/avatar\/d2c45b0fd6bf2d3e2670ab3d112257c24ac80fa960360bba1bdc0676485d1d09?s=96&d=mm&r=g","url":"https:\/\/secure.gravatar.com\/avatar\/d2c45b0fd6bf2d3e2670ab3d112257c24ac80fa960360bba1bdc0676485d1d09?s=96&d=mm&r=g","contentUrl":"https:\/\/secure.gravatar.com\/avatar\/d2c45b0fd6bf2d3e2670ab3d112257c24ac80fa960360bba1bdc0676485d1d09?s=96&d=mm&r=g","caption":"SOR MARTA"},"url":"https:\/\/filles-de-la-charite.org\/pt-pt\/author\/martaemn\/"}]}},"_links":{"self":[{"href":"https:\/\/filles-de-la-charite.org\/pt-pt\/wp-json\/wp\/v2\/posts\/48910","targetHints":{"allow":["GET"]}}],"collection":[{"href":"https:\/\/filles-de-la-charite.org\/pt-pt\/wp-json\/wp\/v2\/posts"}],"about":[{"href":"https:\/\/filles-de-la-charite.org\/pt-pt\/wp-json\/wp\/v2\/types\/post"}],"author":[{"embeddable":true,"href":"https:\/\/filles-de-la-charite.org\/pt-pt\/wp-json\/wp\/v2\/users\/5"}],"replies":[{"embeddable":true,"href":"https:\/\/filles-de-la-charite.org\/pt-pt\/wp-json\/wp\/v2\/comments?post=48910"}],"version-history":[{"count":2,"href":"https:\/\/filles-de-la-charite.org\/pt-pt\/wp-json\/wp\/v2\/posts\/48910\/revisions"}],"predecessor-version":[{"id":48937,"href":"https:\/\/filles-de-la-charite.org\/pt-pt\/wp-json\/wp\/v2\/posts\/48910\/revisions\/48937"}],"wp:featuredmedia":[{"embeddable":true,"href":"https:\/\/filles-de-la-charite.org\/pt-pt\/wp-json\/wp\/v2\/media\/48911"}],"wp:attachment":[{"href":"https:\/\/filles-de-la-charite.org\/pt-pt\/wp-json\/wp\/v2\/media?parent=48910"}],"wp:term":[{"taxonomy":"category","embeddable":true,"href":"https:\/\/filles-de-la-charite.org\/pt-pt\/wp-json\/wp\/v2\/categories?post=48910"},{"taxonomy":"post_tag","embeddable":true,"href":"https:\/\/filles-de-la-charite.org\/pt-pt\/wp-json\/wp\/v2\/tags?post=48910"}],"curies":[{"name":"wp","href":"https:\/\/api.w.org\/{rel}","templated":true}]}}