{"id":48966,"date":"2026-02-15T12:00:00","date_gmt":"2026-02-15T11:00:00","guid":{"rendered":"https:\/\/filles-de-la-charite.org\/?p=48966"},"modified":"2026-02-13T18:21:37","modified_gmt":"2026-02-13T17:21:37","slug":"oasis-de-esperanza","status":"publish","type":"post","link":"https:\/\/filles-de-la-charite.org\/pt-pt\/oasis-de-esperanza\/","title":{"rendered":"O\u00e1sis de Esperan\u00e7a"},"content":{"rendered":"\n<h3 class=\"wp-block-heading\"><strong>Trinta anos de cuidado, coragem e compromisso no minist\u00e9rio<\/strong> <strong>de HIV\/AIDS no Lar S\u00e3o Vicente, Muringoor, Kerala<\/strong><\/h3>\n\n\n\n<p>H\u00e1 tr\u00eas d\u00e9cadas, o HIV\/AIDS era considerado uma doen\u00e7a terr\u00edvel. O grito silencioso daqueles que sofriam com ela n\u00e3o era ouvido por amigos nem por familiares. Esta \u00e9 a hist\u00f3ria dos Padres Vicentinos (VC) e das Irm\u00e3s, Filhas da Caridade, que se tornaram um verdadeiro o\u00e1sis de esperan\u00e7a e deram novo sentido \u00e0 vida das v\u00edtimas dessa enfermidade temida.<\/p>\n\n\n\n<p>O Lar S\u00e3o Vicente para pacientes com AIDS foi fundado em 1996 pelo Rev. Pe. George Panakal, VC. Trata-se de um servi\u00e7o admir\u00e1vel realizado em Muringoor, Kerala. As Filhas da Caridade de S\u00e3o Vicente de Paulo (FC) colaboram com os padres vicentinos h\u00e1 30 anos no atendimento aos infectados pelo HIV. J\u00e1 foram acolhidos mais de tr\u00eas mil pacientes, dos quais centenas tiveram uma morte serena. Em determinado per\u00edodo, o lar chegou a abrigar 107 pacientes juntamente com seus filhos. Algumas dessas crian\u00e7as foram trazidas diretamente dos hospitais logo ap\u00f3s o nascimento. Al\u00e9m disso, o lar oferece estrutura para a educa\u00e7\u00e3o das crian\u00e7as.<\/p>\n\n\n\n<figure class=\"wp-block-image aligncenter size-full\"><img loading=\"lazy\" decoding=\"async\" width=\"721\" height=\"970\" src=\"https:\/\/filles-de-la-charite.org\/wp-content\/uploads\/2026\/02\/Sr-Soniya-K-Chacko_page3_image2.jpg\" alt=\"\" class=\"wp-image-48951\" srcset=\"https:\/\/filles-de-la-charite.org\/wp-content\/uploads\/2026\/02\/Sr-Soniya-K-Chacko_page3_image2.jpg 721w, https:\/\/filles-de-la-charite.org\/wp-content\/uploads\/2026\/02\/Sr-Soniya-K-Chacko_page3_image2-480x646.jpg 480w\" sizes=\"(min-width: 0px) and (max-width: 480px) 480px, (min-width: 481px) 721px, 100vw\" \/><\/figure>\n\n\n\n<h2 class=\"wp-block-heading\"><strong>Um verdadeiro testemunho de esperan\u00e7a<\/strong><\/h2>\n\n\n\n<p>A Irm\u00e3 Jaya Mary FC, que serviu no lar por sete anos a partir de 1996, declarou:<br>\u201cFoi um dos servi\u00e7os mais belos que j\u00e1 realizei. Quando fui chamada para cuidar dos pacientes, a doen\u00e7a era t\u00e3o terr\u00edvel e n\u00e3o havia medicamentos dispon\u00edveis naquela \u00e9poca. Em seis anos, centenas de pacientes haviam morrido ali. Eu me encontrava face a face com a morte todos os dias, e mesmo assim n\u00e3o sentia medo.\u201d<\/p>\n\n\n\n<p>A maioria havia contra\u00eddo a doen\u00e7a em raz\u00e3o de uma vida desregrada. Ningu\u00e9m lhes oferecia ajuda quando recebiam o diagn\u00f3stico. Alguns chegavam \u00e0 institui\u00e7\u00e3o pensando em tirar a pr\u00f3pria vida. A Irm\u00e3 Jaya acrescentou:<\/p>\n\n\n\n<p><em>\u201cCerta vez, um jovem bonito, com pouco mais de vinte anos, veio para a casa. Ap\u00f3s a segunda etapa do &nbsp;tratamento, ele me disse: \u2018Veja minha bolsa, tenho dois envelopes nela. Um cont\u00e9m duas mil r\u00fapias; enquanto o dinheiro durar, participarei do retiro. O outro cont\u00e9m um pacote de veneno. N\u00e3o tenho mais nada, e ningu\u00e9m me quer\u201d.<\/em><\/p>\n\n\n\n<p>Ap\u00f3s a terceira etapa do tratamento, ele procurou a Irm\u00e3 Jayamary em l\u00e1grimas e disse: \u201cIrm\u00e3, fique com isto. N\u00e3o quero cometer suic\u00eddio. Quero viver com Cristo e para Cristo o maior n\u00famero de dias poss\u00edvel.\u201d<\/p>\n\n\n\n<p>Normalmente, pessoas afetadas pelo HIV\/AIDS tornam-se cada vez mais fracas, mas ele se mostrava mais saud\u00e1vel e cheio de energia. Um dia, sugeri que repetisse o teste de HIV. Ele n\u00e3o queria, pois j\u00e1 havia mostrado seu exame positivo. No entanto, no dia seguinte o teste foi realizado e o resultado veio negativo. Em quest\u00e3o de segundos, sua vida mudou; ele n\u00e3o conseguiu conter as l\u00e1grimas.<\/p>\n\n\n\n<p>Muitas mulheres contra\u00edram a doen\u00e7a devido \u00e0 infidelidade dos maridos. Inicialmente, eram amargas e cheias de raiva, mas, gra\u00e7as ao esfor\u00e7o constante das irm\u00e3s, todas morreram ap\u00f3s perdo\u00e1-los. Ao conseguirem perdoar aqueles que lhes transmitiram a doen\u00e7a, muitas puderam viver em paz. A Irm\u00e3 Sheeba FC declarou: \u201c<em>Foi o servi\u00e7o mais belo que j\u00e1 realizei. Sinto grande realiza\u00e7\u00e3o na minha voca\u00e7\u00e3o<\/em>.\u201d<\/p>\n\n\n\n<figure class=\"wp-block-image aligncenter size-full\"><img loading=\"lazy\" decoding=\"async\" width=\"721\" height=\"406\" src=\"https:\/\/filles-de-la-charite.org\/wp-content\/uploads\/2026\/02\/Sr-Soniya-K-Chacko_page3_image4.jpg\" alt=\"\" class=\"wp-image-48953\" srcset=\"https:\/\/filles-de-la-charite.org\/wp-content\/uploads\/2026\/02\/Sr-Soniya-K-Chacko_page3_image4.jpg 721w, https:\/\/filles-de-la-charite.org\/wp-content\/uploads\/2026\/02\/Sr-Soniya-K-Chacko_page3_image4-480x270.jpg 480w\" sizes=\"(min-width: 0px) and (max-width: 480px) 480px, (min-width: 481px) 721px, 100vw\" \/><\/figure>\n\n\n\n<h2 class=\"wp-block-heading\"><strong>Mais sa\u00fade e maior expectativa de vida<\/strong><\/h2>\n\n\n\n<p>At\u00e9 2003, apenas cuid\u00e1vamos dos pacientes e os prepar\u00e1vamos para uma morte tranquila. At\u00e9 ent\u00e3o, registramos 832 falecimentos em nossa casa. O tratamento efetivo come\u00e7ou a partir de 2003, quando passamos a realizar consultas regulares e a oferecer Terapia Antirretroviral (TARV) para fortalecer a imunidade. Com isso, a taxa de mortalidade come\u00e7ou a diminuir.<\/p>\n\n\n\n<p>A Irm\u00e3 Rose Panathara FC, afirma: \u201c<em>Tenho 10 anos de experi\u00eancia. Pude ser m\u00e3e para os \u00f3rf\u00e3os e irm\u00e3 para muitos. Na maioria dos casos, os internos n\u00e3o tinham contato com suas fam\u00edlias. Gra\u00e7as aos esfor\u00e7os das irm\u00e3s, hoje muitos retomaram esse v\u00ednculo. Alguns chegam a passar alguns dias em casa. O estresse mental \u00e9 muito menor agora<\/em>.\u201d<\/p>\n\n\n\n<figure class=\"wp-block-image aligncenter size-full\"><img loading=\"lazy\" decoding=\"async\" width=\"690\" height=\"388\" src=\"https:\/\/filles-de-la-charite.org\/wp-content\/uploads\/2026\/02\/Sr-Soniya-K-Chacko_page3_image5.jpg\" alt=\"\" class=\"wp-image-48954\" srcset=\"https:\/\/filles-de-la-charite.org\/wp-content\/uploads\/2026\/02\/Sr-Soniya-K-Chacko_page3_image5.jpg 690w, https:\/\/filles-de-la-charite.org\/wp-content\/uploads\/2026\/02\/Sr-Soniya-K-Chacko_page3_image5-480x270.jpg 480w\" sizes=\"(min-width: 0px) and (max-width: 480px) 480px, (min-width: 481px) 690px, 100vw\" \/><\/figure>\n\n\n\n<h2 class=\"wp-block-heading\"><strong>Um dia no Lar S\u00e3o Vicente<\/strong><\/h2>\n\n\n\n<p>O dia come\u00e7a com a ora\u00e7\u00e3o da manh\u00e3 (Sapra), celebra\u00e7\u00e3o da Eucaristia, adora\u00e7\u00e3o e ora\u00e7\u00e3o pessoal. Em seguida, os pacientes realizam diversas atividades, como cuidar dos animais, confeccionar ros\u00e1rios, arrumar os quartos, escrever endere\u00e7os postais, preparar envelopes, trabalhar na jardinagem, entre outras. Tamb\u00e9m assistem televis\u00e3o e participam de aulas de f\u00e9 e moral. Vivem felizes e unidos como uma verdadeira fam\u00edlia. Al\u00e9m disso, organizamos programas de lazer, como passeios ao cinema.<\/p>\n\n\n\n<p>Os pacientes costumam dizer:<\/p>\n\n\n\n<p>\u201c<em>Deus envia anjos disfar\u00e7ados em forma humana: Anjos da Esperan\u00e7a, e n\u00f3s estamos com eles\u201d.<\/em><\/p>\n\n\n\n<p><br>No Lar S\u00e3o Vicente, reina a esperan\u00e7a; mesmo \u00e0 beira da morte, eles permanecem sorrindo com confian\u00e7a e f\u00e9.<\/p>\n\n\n\n<p><strong>Por Irm\u00e3 Soniya K Chacko FC<\/strong><\/p>\n\n\n\n<figure class=\"wp-block-image aligncenter size-full\"><img loading=\"lazy\" decoding=\"async\" width=\"721\" height=\"406\" src=\"https:\/\/filles-de-la-charite.org\/wp-content\/uploads\/2026\/02\/Sr-Soniya-K-Chacko_page3_image7.jpg\" alt=\"\" class=\"wp-image-48950\" srcset=\"https:\/\/filles-de-la-charite.org\/wp-content\/uploads\/2026\/02\/Sr-Soniya-K-Chacko_page3_image7.jpg 721w, https:\/\/filles-de-la-charite.org\/wp-content\/uploads\/2026\/02\/Sr-Soniya-K-Chacko_page3_image7-480x270.jpg 480w\" sizes=\"(min-width: 0px) and (max-width: 480px) 480px, (min-width: 481px) 721px, 100vw\" \/><\/figure>\n","protected":false},"excerpt":{"rendered":"<p>Trinta anos de cuidado, coragem e compromisso no minist\u00e9rio de HIV\/AIDS no Lar S\u00e3o Vicente, Muringoor, Kerala H\u00e1 tr\u00eas d\u00e9cadas, o HIV\/AIDS era considerado uma doen\u00e7a terr\u00edvel. O grito silencioso daqueles que sofriam com ela n\u00e3o era ouvido por amigos nem por familiares. Esta \u00e9 a hist\u00f3ria dos Padres Vicentinos (VC) e das Irm\u00e3s, Filhas [&hellip;]<\/p>\n","protected":false},"author":5,"featured_media":48967,"comment_status":"closed","ping_status":"closed","sticky":false,"template":"","format":"standard","meta":{"_acf_changed":false,"_et_pb_use_builder":"","_et_pb_old_content":"","_et_gb_content_width":"","footnotes":"","_links_to":"","_links_to_target":""},"categories":[753],"tags":[],"class_list":["post-48966","post","type-post","status-publish","format-standard","has-post-thumbnail","hentry","category-india-del-sur-pt-pt"],"acf":[],"yoast_head":"<!-- This site is optimized with the Yoast SEO plugin v27.5 - https:\/\/yoast.com\/product\/yoast-seo-wordpress\/ -->\n<title>O\u00e1sis de Esperan\u00e7a - Filles de la Charit\u00e9<\/title>\n<meta name=\"robots\" content=\"index, follow, max-snippet:-1, max-image-preview:large, max-video-preview:-1\" \/>\n<link rel=\"canonical\" href=\"https:\/\/filles-de-la-charite.org\/pt-pt\/oasis-de-esperanza\/\" \/>\n<meta property=\"og:locale\" content=\"pt_PT\" \/>\n<meta property=\"og:type\" content=\"article\" \/>\n<meta property=\"og:title\" content=\"O\u00e1sis de Esperan\u00e7a - Filles de la Charit\u00e9\" \/>\n<meta property=\"og:description\" content=\"Trinta anos de cuidado, coragem e compromisso no minist\u00e9rio de HIV\/AIDS no Lar S\u00e3o Vicente, Muringoor, Kerala H\u00e1 tr\u00eas d\u00e9cadas, o HIV\/AIDS era considerado uma doen\u00e7a terr\u00edvel. O grito silencioso daqueles que sofriam com ela n\u00e3o era ouvido por amigos nem por familiares. Esta \u00e9 a hist\u00f3ria dos Padres Vicentinos (VC) e das Irm\u00e3s, Filhas [&hellip;]\" \/>\n<meta property=\"og:url\" content=\"https:\/\/filles-de-la-charite.org\/pt-pt\/oasis-de-esperanza\/\" \/>\n<meta property=\"og:site_name\" content=\"Filles de la Charit\u00e9\" \/>\n<meta property=\"article:published_time\" content=\"2026-02-15T11:00:00+00:00\" \/>\n<meta property=\"og:image\" content=\"https:\/\/filles-de-la-charite.org\/wp-content\/uploads\/2026\/02\/Sr-Soniya-K-Chacko_page3_image3.jpg\" \/>\n\t<meta property=\"og:image:width\" content=\"724\" \/>\n\t<meta property=\"og:image:height\" content=\"407\" \/>\n\t<meta property=\"og:image:type\" content=\"image\/jpeg\" \/>\n<meta name=\"author\" content=\"SOR MARTA\" \/>\n<meta name=\"twitter:card\" content=\"summary_large_image\" \/>\n<meta name=\"twitter:label1\" content=\"Escrito por\" \/>\n\t<meta name=\"twitter:data1\" content=\"SOR MARTA\" \/>\n\t<meta name=\"twitter:label2\" content=\"Tempo estimado de leitura\" \/>\n\t<meta name=\"twitter:data2\" content=\"5 minutos\" \/>\n<script type=\"application\/ld+json\" class=\"yoast-schema-graph\">{\"@context\":\"https:\\\/\\\/schema.org\",\"@graph\":[{\"@type\":\"Article\",\"@id\":\"https:\\\/\\\/filles-de-la-charite.org\\\/pt-pt\\\/oasis-de-esperanza\\\/#article\",\"isPartOf\":{\"@id\":\"https:\\\/\\\/filles-de-la-charite.org\\\/pt-pt\\\/oasis-de-esperanza\\\/\"},\"author\":{\"name\":\"SOR MARTA\",\"@id\":\"https:\\\/\\\/filles-de-la-charite.org\\\/pt-pt\\\/#\\\/schema\\\/person\\\/0c922b6ca71280639858d297b3a7209f\"},\"headline\":\"O\u00e1sis de Esperan\u00e7a\",\"datePublished\":\"2026-02-15T11:00:00+00:00\",\"mainEntityOfPage\":{\"@id\":\"https:\\\/\\\/filles-de-la-charite.org\\\/pt-pt\\\/oasis-de-esperanza\\\/\"},\"wordCount\":845,\"publisher\":{\"@id\":\"https:\\\/\\\/filles-de-la-charite.org\\\/pt-pt\\\/#organization\"},\"image\":{\"@id\":\"https:\\\/\\\/filles-de-la-charite.org\\\/pt-pt\\\/oasis-de-esperanza\\\/#primaryimage\"},\"thumbnailUrl\":\"https:\\\/\\\/filles-de-la-charite.org\\\/wp-content\\\/uploads\\\/2026\\\/02\\\/Sr-Soniya-K-Chacko_page3_image3.jpg\",\"articleSection\":[\"\u00cdndia Sul\"],\"inLanguage\":\"pt-PT\"},{\"@type\":\"WebPage\",\"@id\":\"https:\\\/\\\/filles-de-la-charite.org\\\/pt-pt\\\/oasis-de-esperanza\\\/\",\"url\":\"https:\\\/\\\/filles-de-la-charite.org\\\/pt-pt\\\/oasis-de-esperanza\\\/\",\"name\":\"O\u00e1sis de Esperan\u00e7a - Filles de la Charit\u00e9\",\"isPartOf\":{\"@id\":\"https:\\\/\\\/filles-de-la-charite.org\\\/pt-pt\\\/#website\"},\"primaryImageOfPage\":{\"@id\":\"https:\\\/\\\/filles-de-la-charite.org\\\/pt-pt\\\/oasis-de-esperanza\\\/#primaryimage\"},\"image\":{\"@id\":\"https:\\\/\\\/filles-de-la-charite.org\\\/pt-pt\\\/oasis-de-esperanza\\\/#primaryimage\"},\"thumbnailUrl\":\"https:\\\/\\\/filles-de-la-charite.org\\\/wp-content\\\/uploads\\\/2026\\\/02\\\/Sr-Soniya-K-Chacko_page3_image3.jpg\",\"datePublished\":\"2026-02-15T11:00:00+00:00\",\"breadcrumb\":{\"@id\":\"https:\\\/\\\/filles-de-la-charite.org\\\/pt-pt\\\/oasis-de-esperanza\\\/#breadcrumb\"},\"inLanguage\":\"pt-PT\",\"potentialAction\":[{\"@type\":\"ReadAction\",\"target\":[\"https:\\\/\\\/filles-de-la-charite.org\\\/pt-pt\\\/oasis-de-esperanza\\\/\"]}]},{\"@type\":\"ImageObject\",\"inLanguage\":\"pt-PT\",\"@id\":\"https:\\\/\\\/filles-de-la-charite.org\\\/pt-pt\\\/oasis-de-esperanza\\\/#primaryimage\",\"url\":\"https:\\\/\\\/filles-de-la-charite.org\\\/wp-content\\\/uploads\\\/2026\\\/02\\\/Sr-Soniya-K-Chacko_page3_image3.jpg\",\"contentUrl\":\"https:\\\/\\\/filles-de-la-charite.org\\\/wp-content\\\/uploads\\\/2026\\\/02\\\/Sr-Soniya-K-Chacko_page3_image3.jpg\",\"width\":724,\"height\":407},{\"@type\":\"BreadcrumbList\",\"@id\":\"https:\\\/\\\/filles-de-la-charite.org\\\/pt-pt\\\/oasis-de-esperanza\\\/#breadcrumb\",\"itemListElement\":[{\"@type\":\"ListItem\",\"position\":1,\"name\":\"\u00cdndia Sul\",\"item\":\"https:\\\/\\\/filles-de-la-charite.org\\\/pt-pt\\\/category\\\/india-del-sur-pt-pt\\\/\"},{\"@type\":\"ListItem\",\"position\":2,\"name\":\"O\u00e1sis de Esperan\u00e7a\"}]},{\"@type\":\"WebSite\",\"@id\":\"https:\\\/\\\/filles-de-la-charite.org\\\/pt-pt\\\/#website\",\"url\":\"https:\\\/\\\/filles-de-la-charite.org\\\/pt-pt\\\/\",\"name\":\"Hijas de la Caridad\",\"description\":\"L\u2019amour de J\u00e9sus nous presse \u00e0 prendre soin des personnes les plus d\u00e9munies\",\"publisher\":{\"@id\":\"https:\\\/\\\/filles-de-la-charite.org\\\/pt-pt\\\/#organization\"},\"potentialAction\":[{\"@type\":\"SearchAction\",\"target\":{\"@type\":\"EntryPoint\",\"urlTemplate\":\"https:\\\/\\\/filles-de-la-charite.org\\\/pt-pt\\\/?s={search_term_string}\"},\"query-input\":{\"@type\":\"PropertyValueSpecification\",\"valueRequired\":true,\"valueName\":\"search_term_string\"}}],\"inLanguage\":\"pt-PT\"},{\"@type\":\"Organization\",\"@id\":\"https:\\\/\\\/filles-de-la-charite.org\\\/pt-pt\\\/#organization\",\"name\":\"Hijas de la Caridad\",\"url\":\"https:\\\/\\\/filles-de-la-charite.org\\\/pt-pt\\\/\",\"logo\":{\"@type\":\"ImageObject\",\"inLanguage\":\"pt-PT\",\"@id\":\"https:\\\/\\\/filles-de-la-charite.org\\\/pt-pt\\\/#\\\/schema\\\/logo\\\/image\\\/\",\"url\":\"https:\\\/\\\/filles-de-la-charite.org\\\/wp-content\\\/uploads\\\/2023\\\/03\\\/isotipo-Hijas-de-la-Caridad.png\",\"contentUrl\":\"https:\\\/\\\/filles-de-la-charite.org\\\/wp-content\\\/uploads\\\/2023\\\/03\\\/isotipo-Hijas-de-la-Caridad.png\",\"width\":1417,\"height\":1417,\"caption\":\"Hijas de la Caridad\"},\"image\":{\"@id\":\"https:\\\/\\\/filles-de-la-charite.org\\\/pt-pt\\\/#\\\/schema\\\/logo\\\/image\\\/\"}},{\"@type\":\"Person\",\"@id\":\"https:\\\/\\\/filles-de-la-charite.org\\\/pt-pt\\\/#\\\/schema\\\/person\\\/0c922b6ca71280639858d297b3a7209f\",\"name\":\"SOR MARTA\",\"image\":{\"@type\":\"ImageObject\",\"inLanguage\":\"pt-PT\",\"@id\":\"https:\\\/\\\/secure.gravatar.com\\\/avatar\\\/d2c45b0fd6bf2d3e2670ab3d112257c24ac80fa960360bba1bdc0676485d1d09?s=96&d=mm&r=g\",\"url\":\"https:\\\/\\\/secure.gravatar.com\\\/avatar\\\/d2c45b0fd6bf2d3e2670ab3d112257c24ac80fa960360bba1bdc0676485d1d09?s=96&d=mm&r=g\",\"contentUrl\":\"https:\\\/\\\/secure.gravatar.com\\\/avatar\\\/d2c45b0fd6bf2d3e2670ab3d112257c24ac80fa960360bba1bdc0676485d1d09?s=96&d=mm&r=g\",\"caption\":\"SOR MARTA\"},\"url\":\"https:\\\/\\\/filles-de-la-charite.org\\\/pt-pt\\\/author\\\/martaemn\\\/\"}]}<\/script>\n<!-- \/ Yoast SEO plugin. -->","yoast_head_json":{"title":"O\u00e1sis de Esperan\u00e7a - Filles de la Charit\u00e9","robots":{"index":"index","follow":"follow","max-snippet":"max-snippet:-1","max-image-preview":"max-image-preview:large","max-video-preview":"max-video-preview:-1"},"canonical":"https:\/\/filles-de-la-charite.org\/pt-pt\/oasis-de-esperanza\/","og_locale":"pt_PT","og_type":"article","og_title":"O\u00e1sis de Esperan\u00e7a - Filles de la Charit\u00e9","og_description":"Trinta anos de cuidado, coragem e compromisso no minist\u00e9rio de HIV\/AIDS no Lar S\u00e3o Vicente, Muringoor, Kerala H\u00e1 tr\u00eas d\u00e9cadas, o HIV\/AIDS era considerado uma doen\u00e7a terr\u00edvel. O grito silencioso daqueles que sofriam com ela n\u00e3o era ouvido por amigos nem por familiares. Esta \u00e9 a hist\u00f3ria dos Padres Vicentinos (VC) e das Irm\u00e3s, Filhas [&hellip;]","og_url":"https:\/\/filles-de-la-charite.org\/pt-pt\/oasis-de-esperanza\/","og_site_name":"Filles de la Charit\u00e9","article_published_time":"2026-02-15T11:00:00+00:00","og_image":[{"width":724,"height":407,"url":"https:\/\/filles-de-la-charite.org\/wp-content\/uploads\/2026\/02\/Sr-Soniya-K-Chacko_page3_image3.jpg","type":"image\/jpeg"}],"author":"SOR MARTA","twitter_card":"summary_large_image","twitter_misc":{"Escrito por":"SOR MARTA","Tempo estimado de leitura":"5 minutos"},"schema":{"@context":"https:\/\/schema.org","@graph":[{"@type":"Article","@id":"https:\/\/filles-de-la-charite.org\/pt-pt\/oasis-de-esperanza\/#article","isPartOf":{"@id":"https:\/\/filles-de-la-charite.org\/pt-pt\/oasis-de-esperanza\/"},"author":{"name":"SOR MARTA","@id":"https:\/\/filles-de-la-charite.org\/pt-pt\/#\/schema\/person\/0c922b6ca71280639858d297b3a7209f"},"headline":"O\u00e1sis de Esperan\u00e7a","datePublished":"2026-02-15T11:00:00+00:00","mainEntityOfPage":{"@id":"https:\/\/filles-de-la-charite.org\/pt-pt\/oasis-de-esperanza\/"},"wordCount":845,"publisher":{"@id":"https:\/\/filles-de-la-charite.org\/pt-pt\/#organization"},"image":{"@id":"https:\/\/filles-de-la-charite.org\/pt-pt\/oasis-de-esperanza\/#primaryimage"},"thumbnailUrl":"https:\/\/filles-de-la-charite.org\/wp-content\/uploads\/2026\/02\/Sr-Soniya-K-Chacko_page3_image3.jpg","articleSection":["\u00cdndia Sul"],"inLanguage":"pt-PT"},{"@type":"WebPage","@id":"https:\/\/filles-de-la-charite.org\/pt-pt\/oasis-de-esperanza\/","url":"https:\/\/filles-de-la-charite.org\/pt-pt\/oasis-de-esperanza\/","name":"O\u00e1sis de Esperan\u00e7a - Filles de la Charit\u00e9","isPartOf":{"@id":"https:\/\/filles-de-la-charite.org\/pt-pt\/#website"},"primaryImageOfPage":{"@id":"https:\/\/filles-de-la-charite.org\/pt-pt\/oasis-de-esperanza\/#primaryimage"},"image":{"@id":"https:\/\/filles-de-la-charite.org\/pt-pt\/oasis-de-esperanza\/#primaryimage"},"thumbnailUrl":"https:\/\/filles-de-la-charite.org\/wp-content\/uploads\/2026\/02\/Sr-Soniya-K-Chacko_page3_image3.jpg","datePublished":"2026-02-15T11:00:00+00:00","breadcrumb":{"@id":"https:\/\/filles-de-la-charite.org\/pt-pt\/oasis-de-esperanza\/#breadcrumb"},"inLanguage":"pt-PT","potentialAction":[{"@type":"ReadAction","target":["https:\/\/filles-de-la-charite.org\/pt-pt\/oasis-de-esperanza\/"]}]},{"@type":"ImageObject","inLanguage":"pt-PT","@id":"https:\/\/filles-de-la-charite.org\/pt-pt\/oasis-de-esperanza\/#primaryimage","url":"https:\/\/filles-de-la-charite.org\/wp-content\/uploads\/2026\/02\/Sr-Soniya-K-Chacko_page3_image3.jpg","contentUrl":"https:\/\/filles-de-la-charite.org\/wp-content\/uploads\/2026\/02\/Sr-Soniya-K-Chacko_page3_image3.jpg","width":724,"height":407},{"@type":"BreadcrumbList","@id":"https:\/\/filles-de-la-charite.org\/pt-pt\/oasis-de-esperanza\/#breadcrumb","itemListElement":[{"@type":"ListItem","position":1,"name":"\u00cdndia Sul","item":"https:\/\/filles-de-la-charite.org\/pt-pt\/category\/india-del-sur-pt-pt\/"},{"@type":"ListItem","position":2,"name":"O\u00e1sis de Esperan\u00e7a"}]},{"@type":"WebSite","@id":"https:\/\/filles-de-la-charite.org\/pt-pt\/#website","url":"https:\/\/filles-de-la-charite.org\/pt-pt\/","name":"Hijas de la Caridad","description":"L\u2019amour de J\u00e9sus nous presse \u00e0 prendre soin des personnes les plus d\u00e9munies","publisher":{"@id":"https:\/\/filles-de-la-charite.org\/pt-pt\/#organization"},"potentialAction":[{"@type":"SearchAction","target":{"@type":"EntryPoint","urlTemplate":"https:\/\/filles-de-la-charite.org\/pt-pt\/?s={search_term_string}"},"query-input":{"@type":"PropertyValueSpecification","valueRequired":true,"valueName":"search_term_string"}}],"inLanguage":"pt-PT"},{"@type":"Organization","@id":"https:\/\/filles-de-la-charite.org\/pt-pt\/#organization","name":"Hijas de la Caridad","url":"https:\/\/filles-de-la-charite.org\/pt-pt\/","logo":{"@type":"ImageObject","inLanguage":"pt-PT","@id":"https:\/\/filles-de-la-charite.org\/pt-pt\/#\/schema\/logo\/image\/","url":"https:\/\/filles-de-la-charite.org\/wp-content\/uploads\/2023\/03\/isotipo-Hijas-de-la-Caridad.png","contentUrl":"https:\/\/filles-de-la-charite.org\/wp-content\/uploads\/2023\/03\/isotipo-Hijas-de-la-Caridad.png","width":1417,"height":1417,"caption":"Hijas de la Caridad"},"image":{"@id":"https:\/\/filles-de-la-charite.org\/pt-pt\/#\/schema\/logo\/image\/"}},{"@type":"Person","@id":"https:\/\/filles-de-la-charite.org\/pt-pt\/#\/schema\/person\/0c922b6ca71280639858d297b3a7209f","name":"SOR MARTA","image":{"@type":"ImageObject","inLanguage":"pt-PT","@id":"https:\/\/secure.gravatar.com\/avatar\/d2c45b0fd6bf2d3e2670ab3d112257c24ac80fa960360bba1bdc0676485d1d09?s=96&d=mm&r=g","url":"https:\/\/secure.gravatar.com\/avatar\/d2c45b0fd6bf2d3e2670ab3d112257c24ac80fa960360bba1bdc0676485d1d09?s=96&d=mm&r=g","contentUrl":"https:\/\/secure.gravatar.com\/avatar\/d2c45b0fd6bf2d3e2670ab3d112257c24ac80fa960360bba1bdc0676485d1d09?s=96&d=mm&r=g","caption":"SOR MARTA"},"url":"https:\/\/filles-de-la-charite.org\/pt-pt\/author\/martaemn\/"}]}},"_links":{"self":[{"href":"https:\/\/filles-de-la-charite.org\/pt-pt\/wp-json\/wp\/v2\/posts\/48966","targetHints":{"allow":["GET"]}}],"collection":[{"href":"https:\/\/filles-de-la-charite.org\/pt-pt\/wp-json\/wp\/v2\/posts"}],"about":[{"href":"https:\/\/filles-de-la-charite.org\/pt-pt\/wp-json\/wp\/v2\/types\/post"}],"author":[{"embeddable":true,"href":"https:\/\/filles-de-la-charite.org\/pt-pt\/wp-json\/wp\/v2\/users\/5"}],"replies":[{"embeddable":true,"href":"https:\/\/filles-de-la-charite.org\/pt-pt\/wp-json\/wp\/v2\/comments?post=48966"}],"version-history":[{"count":1,"href":"https:\/\/filles-de-la-charite.org\/pt-pt\/wp-json\/wp\/v2\/posts\/48966\/revisions"}],"predecessor-version":[{"id":48991,"href":"https:\/\/filles-de-la-charite.org\/pt-pt\/wp-json\/wp\/v2\/posts\/48966\/revisions\/48991"}],"wp:featuredmedia":[{"embeddable":true,"href":"https:\/\/filles-de-la-charite.org\/pt-pt\/wp-json\/wp\/v2\/media\/48967"}],"wp:attachment":[{"href":"https:\/\/filles-de-la-charite.org\/pt-pt\/wp-json\/wp\/v2\/media?parent=48966"}],"wp:term":[{"taxonomy":"category","embeddable":true,"href":"https:\/\/filles-de-la-charite.org\/pt-pt\/wp-json\/wp\/v2\/categories?post=48966"},{"taxonomy":"post_tag","embeddable":true,"href":"https:\/\/filles-de-la-charite.org\/pt-pt\/wp-json\/wp\/v2\/tags?post=48966"}],"curies":[{"name":"wp","href":"https:\/\/api.w.org\/{rel}","templated":true}]}}