{"id":49350,"date":"2026-03-27T00:08:23","date_gmt":"2026-03-26T23:08:23","guid":{"rendered":"https:\/\/filles-de-la-charite.org\/cien-anos-al-servicio-de-la-comunion-en-la-compania\/"},"modified":"2026-03-29T23:31:12","modified_gmt":"2026-03-29T21:31:12","slug":"cien-anos-al-servicio-de-la-comunion-en-la-compania","status":"publish","type":"post","link":"https:\/\/filles-de-la-charite.org\/pt-pt\/cien-anos-al-servicio-de-la-comunion-en-la-compania\/","title":{"rendered":"Cem anos a servi\u00e7o da comunh\u00e3o na Companhia"},"content":{"rendered":"\n<p>Em 2026, a Companhia das Filhas da Caridade agradece ao Senhor pelo centen\u00e1rio da publica\u00e7\u00e3o dos <em>Ecos da Casa-M\u00e3e<\/em> (que, em 1976, passou a se chamar <em>Ecos da Companhia<\/em>): uma publica\u00e7\u00e3o que acompanhou a vida de gera\u00e7\u00f5es de Irm\u00e3s em todo o mundo. Nascida em 1926, do desejo de aproximar a Casa-M\u00e3e das comunidades mais distantes, essa iniciativa desenvolveu-se ao longo do tempo at\u00e9 se tornar um verdadeiro espa\u00e7o de comunh\u00e3o, forma\u00e7\u00e3o e informa\u00e7\u00e3o para toda a Companhia.<\/p>\n\n\n\n<p>Durante esses cem anos, suas p\u00e1ginas contribu\u00edram para alimentar o sentimento de perten\u00e7a a uma mesma fam\u00edlia espiritual e favoreceram o crescimento da unidade no cora\u00e7\u00e3o da diversidade de culturas, l\u00ednguas e realidades apost\u00f3licas. Elas acolheram a reflex\u00e3o espiritual, a forma\u00e7\u00e3o vicentina e eclesial, a mem\u00f3ria dos grandes momentos da Companhia e, de maneira muito particular, o eco da miss\u00e3o vivida todos os dias a servi\u00e7o dos pobres.<\/p>\n\n\n\n<p>Essa publica\u00e7\u00e3o ampliou progressivamente o seu horizonte. De um meio de informa\u00e7\u00e3o centrado principalmente na vida da Casa-M\u00e3e, tornou-se um espa\u00e7o onde se encarna, cada vez mais, a riqueza das Prov\u00edncias e das Comunidades presentes no mundo. Transformou-se, assim, em uma janela aberta sobre o dinamismo mission\u00e1rio da Companhia, a criatividade da caridade e o testemunho humilde e concreto de tantas Irm\u00e3s que oferecem a sua vida nos diferentes locais de miss\u00e3o.<\/p>\n\n\n\n<p>Hoje, em um contexto em que os meios de comunica\u00e7\u00e3o se multiplicaram e as rela\u00e7\u00f5es se estabelecem tamb\u00e9m por meio de novos canais, essa publica\u00e7\u00e3o mant\u00e9m todo o seu valor. Continua a ser uma fonte de aprofundamento, uma mem\u00f3ria partilhada e um apoio para renovar a fidelidade \u00e0 voca\u00e7\u00e3o, fortalecer a comunh\u00e3o fraterna e reavivar a chama do carisma.<\/p>\n\n\n\n<p>Celebrar este centen\u00e1rio \u00e9 acolher, com gratid\u00e3o, uma hist\u00f3ria tecida de escuta, transmiss\u00e3o e comunh\u00e3o. \u00c9 tamb\u00e9m pedir ao Esp\u00edrito Santo que continue a sustentar a Companhia, para que ela caminhe unida, deixe-se renovar incessantemente pelo Evangelho e estimule, no cora\u00e7\u00e3o de cada Irm\u00e3, a alegria de servir a Cristo nos pobres.<\/p>\n\n\n\n<figure class=\"wp-block-embed is-type-video is-provider-youtube wp-block-embed-youtube wp-embed-aspect-16-9 wp-has-aspect-ratio\"><div class=\"wp-block-embed__wrapper\">\n<iframe loading=\"lazy\" title=\"PT_ Celebra\u00e7\u00e3o dos cem anos da pulblica\u00e7\u00e3o dos Ecos da Companhia.\" width=\"1080\" height=\"608\" src=\"https:\/\/www.youtube.com\/embed\/UeDe0ygeCtM?feature=oembed\"  allow=\"accelerometer; autoplay; clipboard-write; encrypted-media; gyroscope; picture-in-picture; web-share\" referrerpolicy=\"strict-origin-when-cross-origin\" allowfullscreen><\/iframe>\n<\/div><\/figure>\n","protected":false},"excerpt":{"rendered":"<p>Em 2026, a Companhia das Filhas da Caridade agradece ao Senhor pelo centen\u00e1rio da publica\u00e7\u00e3o dos Ecos da Casa-M\u00e3e (que, em 1976, passou a se chamar Ecos da Companhia): uma publica\u00e7\u00e3o que acompanhou a vida de gera\u00e7\u00f5es de Irm\u00e3s em todo o mundo. Nascida em 1926, do desejo de aproximar a Casa-M\u00e3e das comunidades mais [&hellip;]<\/p>\n","protected":false},"author":5,"featured_media":49351,"comment_status":"closed","ping_status":"closed","sticky":false,"template":"","format":"standard","meta":{"_acf_changed":false,"_et_pb_use_builder":"","_et_pb_old_content":"","_et_gb_content_width":"","footnotes":"","_links_to":"","_links_to_target":""},"categories":[561,845],"tags":[],"class_list":["post-49350","post","type-post","status-publish","format-standard","has-post-thumbnail","hentry","category-casa-mae-pt-pt","category-internacional-pt-pt"],"acf":[],"yoast_head":"<!-- This site is optimized with the Yoast SEO plugin v27.5 - https:\/\/yoast.com\/product\/yoast-seo-wordpress\/ -->\n<title>Cem anos a servi\u00e7o da comunh\u00e3o na Companhia - Filles de la Charit\u00e9<\/title>\n<meta name=\"robots\" content=\"index, follow, max-snippet:-1, max-image-preview:large, max-video-preview:-1\" \/>\n<link rel=\"canonical\" href=\"https:\/\/filles-de-la-charite.org\/pt-pt\/cien-anos-al-servicio-de-la-comunion-en-la-compania\/\" \/>\n<meta property=\"og:locale\" content=\"pt_PT\" \/>\n<meta property=\"og:type\" content=\"article\" \/>\n<meta property=\"og:title\" content=\"Cem anos a servi\u00e7o da comunh\u00e3o na Companhia - Filles de la Charit\u00e9\" \/>\n<meta property=\"og:description\" content=\"Em 2026, a Companhia das Filhas da Caridade agradece ao Senhor pelo centen\u00e1rio da publica\u00e7\u00e3o dos Ecos da Casa-M\u00e3e (que, em 1976, passou a se chamar Ecos da Companhia): uma publica\u00e7\u00e3o que acompanhou a vida de gera\u00e7\u00f5es de Irm\u00e3s em todo o mundo. Nascida em 1926, do desejo de aproximar a Casa-M\u00e3e das comunidades mais [&hellip;]\" \/>\n<meta property=\"og:url\" content=\"https:\/\/filles-de-la-charite.org\/pt-pt\/cien-anos-al-servicio-de-la-comunion-en-la-compania\/\" \/>\n<meta property=\"og:site_name\" content=\"Filles de la Charit\u00e9\" \/>\n<meta property=\"article:published_time\" content=\"2026-03-26T23:08:23+00:00\" \/>\n<meta property=\"article:modified_time\" content=\"2026-03-29T21:31:12+00:00\" \/>\n<meta property=\"og:image\" content=\"https:\/\/filles-de-la-charite.org\/wp-content\/uploads\/2026\/04\/thumbnail-1-1024x683.png\" \/>\n\t<meta property=\"og:image:width\" content=\"1024\" \/>\n\t<meta property=\"og:image:height\" content=\"683\" \/>\n\t<meta property=\"og:image:type\" content=\"image\/png\" \/>\n<meta name=\"author\" content=\"SOR MARTA\" \/>\n<meta name=\"twitter:card\" content=\"summary_large_image\" \/>\n<meta name=\"twitter:label1\" content=\"Escrito por\" \/>\n\t<meta name=\"twitter:data1\" content=\"SOR MARTA\" \/>\n\t<meta name=\"twitter:label2\" content=\"Tempo estimado de leitura\" \/>\n\t<meta name=\"twitter:data2\" content=\"2 minutos\" \/>\n<script type=\"application\/ld+json\" class=\"yoast-schema-graph\">{\"@context\":\"https:\\\/\\\/schema.org\",\"@graph\":[{\"@type\":\"Article\",\"@id\":\"https:\\\/\\\/filles-de-la-charite.org\\\/pt-pt\\\/cien-anos-al-servicio-de-la-comunion-en-la-compania\\\/#article\",\"isPartOf\":{\"@id\":\"https:\\\/\\\/filles-de-la-charite.org\\\/pt-pt\\\/cien-anos-al-servicio-de-la-comunion-en-la-compania\\\/\"},\"author\":{\"name\":\"SOR MARTA\",\"@id\":\"https:\\\/\\\/filles-de-la-charite.org\\\/pt-pt\\\/#\\\/schema\\\/person\\\/0c922b6ca71280639858d297b3a7209f\"},\"headline\":\"Cem anos a servi\u00e7o da comunh\u00e3o na Companhia\",\"datePublished\":\"2026-03-26T23:08:23+00:00\",\"dateModified\":\"2026-03-29T21:31:12+00:00\",\"mainEntityOfPage\":{\"@id\":\"https:\\\/\\\/filles-de-la-charite.org\\\/pt-pt\\\/cien-anos-al-servicio-de-la-comunion-en-la-compania\\\/\"},\"wordCount\":385,\"publisher\":{\"@id\":\"https:\\\/\\\/filles-de-la-charite.org\\\/pt-pt\\\/#organization\"},\"image\":{\"@id\":\"https:\\\/\\\/filles-de-la-charite.org\\\/pt-pt\\\/cien-anos-al-servicio-de-la-comunion-en-la-compania\\\/#primaryimage\"},\"thumbnailUrl\":\"https:\\\/\\\/filles-de-la-charite.org\\\/wp-content\\\/uploads\\\/2026\\\/04\\\/thumbnail-1.png\",\"articleSection\":[\"Casa-M\u00e3e\",\"Internacional\"],\"inLanguage\":\"pt-PT\"},{\"@type\":\"WebPage\",\"@id\":\"https:\\\/\\\/filles-de-la-charite.org\\\/pt-pt\\\/cien-anos-al-servicio-de-la-comunion-en-la-compania\\\/\",\"url\":\"https:\\\/\\\/filles-de-la-charite.org\\\/pt-pt\\\/cien-anos-al-servicio-de-la-comunion-en-la-compania\\\/\",\"name\":\"Cem anos a servi\u00e7o da comunh\u00e3o na Companhia - Filles de la Charit\u00e9\",\"isPartOf\":{\"@id\":\"https:\\\/\\\/filles-de-la-charite.org\\\/pt-pt\\\/#website\"},\"primaryImageOfPage\":{\"@id\":\"https:\\\/\\\/filles-de-la-charite.org\\\/pt-pt\\\/cien-anos-al-servicio-de-la-comunion-en-la-compania\\\/#primaryimage\"},\"image\":{\"@id\":\"https:\\\/\\\/filles-de-la-charite.org\\\/pt-pt\\\/cien-anos-al-servicio-de-la-comunion-en-la-compania\\\/#primaryimage\"},\"thumbnailUrl\":\"https:\\\/\\\/filles-de-la-charite.org\\\/wp-content\\\/uploads\\\/2026\\\/04\\\/thumbnail-1.png\",\"datePublished\":\"2026-03-26T23:08:23+00:00\",\"dateModified\":\"2026-03-29T21:31:12+00:00\",\"breadcrumb\":{\"@id\":\"https:\\\/\\\/filles-de-la-charite.org\\\/pt-pt\\\/cien-anos-al-servicio-de-la-comunion-en-la-compania\\\/#breadcrumb\"},\"inLanguage\":\"pt-PT\",\"potentialAction\":[{\"@type\":\"ReadAction\",\"target\":[\"https:\\\/\\\/filles-de-la-charite.org\\\/pt-pt\\\/cien-anos-al-servicio-de-la-comunion-en-la-compania\\\/\"]}]},{\"@type\":\"ImageObject\",\"inLanguage\":\"pt-PT\",\"@id\":\"https:\\\/\\\/filles-de-la-charite.org\\\/pt-pt\\\/cien-anos-al-servicio-de-la-comunion-en-la-compania\\\/#primaryimage\",\"url\":\"https:\\\/\\\/filles-de-la-charite.org\\\/wp-content\\\/uploads\\\/2026\\\/04\\\/thumbnail-1.png\",\"contentUrl\":\"https:\\\/\\\/filles-de-la-charite.org\\\/wp-content\\\/uploads\\\/2026\\\/04\\\/thumbnail-1.png\",\"width\":1536,\"height\":1024},{\"@type\":\"BreadcrumbList\",\"@id\":\"https:\\\/\\\/filles-de-la-charite.org\\\/pt-pt\\\/cien-anos-al-servicio-de-la-comunion-en-la-compania\\\/#breadcrumb\",\"itemListElement\":[{\"@type\":\"ListItem\",\"position\":1,\"name\":\"Casa-M\u00e3e\",\"item\":\"https:\\\/\\\/filles-de-la-charite.org\\\/pt-pt\\\/category\\\/casa-mae-pt-pt\\\/\"},{\"@type\":\"ListItem\",\"position\":2,\"name\":\"Cem anos a servi\u00e7o da comunh\u00e3o na Companhia\"}]},{\"@type\":\"WebSite\",\"@id\":\"https:\\\/\\\/filles-de-la-charite.org\\\/pt-pt\\\/#website\",\"url\":\"https:\\\/\\\/filles-de-la-charite.org\\\/pt-pt\\\/\",\"name\":\"Hijas de la Caridad\",\"description\":\"L\u2019amour de J\u00e9sus nous presse \u00e0 prendre soin des personnes les plus d\u00e9munies\",\"publisher\":{\"@id\":\"https:\\\/\\\/filles-de-la-charite.org\\\/pt-pt\\\/#organization\"},\"potentialAction\":[{\"@type\":\"SearchAction\",\"target\":{\"@type\":\"EntryPoint\",\"urlTemplate\":\"https:\\\/\\\/filles-de-la-charite.org\\\/pt-pt\\\/?s={search_term_string}\"},\"query-input\":{\"@type\":\"PropertyValueSpecification\",\"valueRequired\":true,\"valueName\":\"search_term_string\"}}],\"inLanguage\":\"pt-PT\"},{\"@type\":\"Organization\",\"@id\":\"https:\\\/\\\/filles-de-la-charite.org\\\/pt-pt\\\/#organization\",\"name\":\"Hijas de la Caridad\",\"url\":\"https:\\\/\\\/filles-de-la-charite.org\\\/pt-pt\\\/\",\"logo\":{\"@type\":\"ImageObject\",\"inLanguage\":\"pt-PT\",\"@id\":\"https:\\\/\\\/filles-de-la-charite.org\\\/pt-pt\\\/#\\\/schema\\\/logo\\\/image\\\/\",\"url\":\"https:\\\/\\\/filles-de-la-charite.org\\\/wp-content\\\/uploads\\\/2023\\\/03\\\/isotipo-Hijas-de-la-Caridad.png\",\"contentUrl\":\"https:\\\/\\\/filles-de-la-charite.org\\\/wp-content\\\/uploads\\\/2023\\\/03\\\/isotipo-Hijas-de-la-Caridad.png\",\"width\":1417,\"height\":1417,\"caption\":\"Hijas de la Caridad\"},\"image\":{\"@id\":\"https:\\\/\\\/filles-de-la-charite.org\\\/pt-pt\\\/#\\\/schema\\\/logo\\\/image\\\/\"}},{\"@type\":\"Person\",\"@id\":\"https:\\\/\\\/filles-de-la-charite.org\\\/pt-pt\\\/#\\\/schema\\\/person\\\/0c922b6ca71280639858d297b3a7209f\",\"name\":\"SOR MARTA\",\"image\":{\"@type\":\"ImageObject\",\"inLanguage\":\"pt-PT\",\"@id\":\"https:\\\/\\\/secure.gravatar.com\\\/avatar\\\/d2c45b0fd6bf2d3e2670ab3d112257c24ac80fa960360bba1bdc0676485d1d09?s=96&d=mm&r=g\",\"url\":\"https:\\\/\\\/secure.gravatar.com\\\/avatar\\\/d2c45b0fd6bf2d3e2670ab3d112257c24ac80fa960360bba1bdc0676485d1d09?s=96&d=mm&r=g\",\"contentUrl\":\"https:\\\/\\\/secure.gravatar.com\\\/avatar\\\/d2c45b0fd6bf2d3e2670ab3d112257c24ac80fa960360bba1bdc0676485d1d09?s=96&d=mm&r=g\",\"caption\":\"SOR MARTA\"},\"url\":\"https:\\\/\\\/filles-de-la-charite.org\\\/pt-pt\\\/author\\\/martaemn\\\/\"}]}<\/script>\n<!-- \/ Yoast SEO plugin. -->","yoast_head_json":{"title":"Cem anos a servi\u00e7o da comunh\u00e3o na Companhia - Filles de la Charit\u00e9","robots":{"index":"index","follow":"follow","max-snippet":"max-snippet:-1","max-image-preview":"max-image-preview:large","max-video-preview":"max-video-preview:-1"},"canonical":"https:\/\/filles-de-la-charite.org\/pt-pt\/cien-anos-al-servicio-de-la-comunion-en-la-compania\/","og_locale":"pt_PT","og_type":"article","og_title":"Cem anos a servi\u00e7o da comunh\u00e3o na Companhia - Filles de la Charit\u00e9","og_description":"Em 2026, a Companhia das Filhas da Caridade agradece ao Senhor pelo centen\u00e1rio da publica\u00e7\u00e3o dos Ecos da Casa-M\u00e3e (que, em 1976, passou a se chamar Ecos da Companhia): uma publica\u00e7\u00e3o que acompanhou a vida de gera\u00e7\u00f5es de Irm\u00e3s em todo o mundo. Nascida em 1926, do desejo de aproximar a Casa-M\u00e3e das comunidades mais [&hellip;]","og_url":"https:\/\/filles-de-la-charite.org\/pt-pt\/cien-anos-al-servicio-de-la-comunion-en-la-compania\/","og_site_name":"Filles de la Charit\u00e9","article_published_time":"2026-03-26T23:08:23+00:00","article_modified_time":"2026-03-29T21:31:12+00:00","og_image":[{"width":1024,"height":683,"url":"https:\/\/filles-de-la-charite.org\/wp-content\/uploads\/2026\/04\/thumbnail-1-1024x683.png","type":"image\/png"}],"author":"SOR MARTA","twitter_card":"summary_large_image","twitter_misc":{"Escrito por":"SOR MARTA","Tempo estimado de leitura":"2 minutos"},"schema":{"@context":"https:\/\/schema.org","@graph":[{"@type":"Article","@id":"https:\/\/filles-de-la-charite.org\/pt-pt\/cien-anos-al-servicio-de-la-comunion-en-la-compania\/#article","isPartOf":{"@id":"https:\/\/filles-de-la-charite.org\/pt-pt\/cien-anos-al-servicio-de-la-comunion-en-la-compania\/"},"author":{"name":"SOR MARTA","@id":"https:\/\/filles-de-la-charite.org\/pt-pt\/#\/schema\/person\/0c922b6ca71280639858d297b3a7209f"},"headline":"Cem anos a servi\u00e7o da comunh\u00e3o na Companhia","datePublished":"2026-03-26T23:08:23+00:00","dateModified":"2026-03-29T21:31:12+00:00","mainEntityOfPage":{"@id":"https:\/\/filles-de-la-charite.org\/pt-pt\/cien-anos-al-servicio-de-la-comunion-en-la-compania\/"},"wordCount":385,"publisher":{"@id":"https:\/\/filles-de-la-charite.org\/pt-pt\/#organization"},"image":{"@id":"https:\/\/filles-de-la-charite.org\/pt-pt\/cien-anos-al-servicio-de-la-comunion-en-la-compania\/#primaryimage"},"thumbnailUrl":"https:\/\/filles-de-la-charite.org\/wp-content\/uploads\/2026\/04\/thumbnail-1.png","articleSection":["Casa-M\u00e3e","Internacional"],"inLanguage":"pt-PT"},{"@type":"WebPage","@id":"https:\/\/filles-de-la-charite.org\/pt-pt\/cien-anos-al-servicio-de-la-comunion-en-la-compania\/","url":"https:\/\/filles-de-la-charite.org\/pt-pt\/cien-anos-al-servicio-de-la-comunion-en-la-compania\/","name":"Cem anos a servi\u00e7o da comunh\u00e3o na Companhia - Filles de la Charit\u00e9","isPartOf":{"@id":"https:\/\/filles-de-la-charite.org\/pt-pt\/#website"},"primaryImageOfPage":{"@id":"https:\/\/filles-de-la-charite.org\/pt-pt\/cien-anos-al-servicio-de-la-comunion-en-la-compania\/#primaryimage"},"image":{"@id":"https:\/\/filles-de-la-charite.org\/pt-pt\/cien-anos-al-servicio-de-la-comunion-en-la-compania\/#primaryimage"},"thumbnailUrl":"https:\/\/filles-de-la-charite.org\/wp-content\/uploads\/2026\/04\/thumbnail-1.png","datePublished":"2026-03-26T23:08:23+00:00","dateModified":"2026-03-29T21:31:12+00:00","breadcrumb":{"@id":"https:\/\/filles-de-la-charite.org\/pt-pt\/cien-anos-al-servicio-de-la-comunion-en-la-compania\/#breadcrumb"},"inLanguage":"pt-PT","potentialAction":[{"@type":"ReadAction","target":["https:\/\/filles-de-la-charite.org\/pt-pt\/cien-anos-al-servicio-de-la-comunion-en-la-compania\/"]}]},{"@type":"ImageObject","inLanguage":"pt-PT","@id":"https:\/\/filles-de-la-charite.org\/pt-pt\/cien-anos-al-servicio-de-la-comunion-en-la-compania\/#primaryimage","url":"https:\/\/filles-de-la-charite.org\/wp-content\/uploads\/2026\/04\/thumbnail-1.png","contentUrl":"https:\/\/filles-de-la-charite.org\/wp-content\/uploads\/2026\/04\/thumbnail-1.png","width":1536,"height":1024},{"@type":"BreadcrumbList","@id":"https:\/\/filles-de-la-charite.org\/pt-pt\/cien-anos-al-servicio-de-la-comunion-en-la-compania\/#breadcrumb","itemListElement":[{"@type":"ListItem","position":1,"name":"Casa-M\u00e3e","item":"https:\/\/filles-de-la-charite.org\/pt-pt\/category\/casa-mae-pt-pt\/"},{"@type":"ListItem","position":2,"name":"Cem anos a servi\u00e7o da comunh\u00e3o na Companhia"}]},{"@type":"WebSite","@id":"https:\/\/filles-de-la-charite.org\/pt-pt\/#website","url":"https:\/\/filles-de-la-charite.org\/pt-pt\/","name":"Hijas de la Caridad","description":"L\u2019amour de J\u00e9sus nous presse \u00e0 prendre soin des personnes les plus d\u00e9munies","publisher":{"@id":"https:\/\/filles-de-la-charite.org\/pt-pt\/#organization"},"potentialAction":[{"@type":"SearchAction","target":{"@type":"EntryPoint","urlTemplate":"https:\/\/filles-de-la-charite.org\/pt-pt\/?s={search_term_string}"},"query-input":{"@type":"PropertyValueSpecification","valueRequired":true,"valueName":"search_term_string"}}],"inLanguage":"pt-PT"},{"@type":"Organization","@id":"https:\/\/filles-de-la-charite.org\/pt-pt\/#organization","name":"Hijas de la Caridad","url":"https:\/\/filles-de-la-charite.org\/pt-pt\/","logo":{"@type":"ImageObject","inLanguage":"pt-PT","@id":"https:\/\/filles-de-la-charite.org\/pt-pt\/#\/schema\/logo\/image\/","url":"https:\/\/filles-de-la-charite.org\/wp-content\/uploads\/2023\/03\/isotipo-Hijas-de-la-Caridad.png","contentUrl":"https:\/\/filles-de-la-charite.org\/wp-content\/uploads\/2023\/03\/isotipo-Hijas-de-la-Caridad.png","width":1417,"height":1417,"caption":"Hijas de la Caridad"},"image":{"@id":"https:\/\/filles-de-la-charite.org\/pt-pt\/#\/schema\/logo\/image\/"}},{"@type":"Person","@id":"https:\/\/filles-de-la-charite.org\/pt-pt\/#\/schema\/person\/0c922b6ca71280639858d297b3a7209f","name":"SOR MARTA","image":{"@type":"ImageObject","inLanguage":"pt-PT","@id":"https:\/\/secure.gravatar.com\/avatar\/d2c45b0fd6bf2d3e2670ab3d112257c24ac80fa960360bba1bdc0676485d1d09?s=96&d=mm&r=g","url":"https:\/\/secure.gravatar.com\/avatar\/d2c45b0fd6bf2d3e2670ab3d112257c24ac80fa960360bba1bdc0676485d1d09?s=96&d=mm&r=g","contentUrl":"https:\/\/secure.gravatar.com\/avatar\/d2c45b0fd6bf2d3e2670ab3d112257c24ac80fa960360bba1bdc0676485d1d09?s=96&d=mm&r=g","caption":"SOR MARTA"},"url":"https:\/\/filles-de-la-charite.org\/pt-pt\/author\/martaemn\/"}]}},"_links":{"self":[{"href":"https:\/\/filles-de-la-charite.org\/pt-pt\/wp-json\/wp\/v2\/posts\/49350","targetHints":{"allow":["GET"]}}],"collection":[{"href":"https:\/\/filles-de-la-charite.org\/pt-pt\/wp-json\/wp\/v2\/posts"}],"about":[{"href":"https:\/\/filles-de-la-charite.org\/pt-pt\/wp-json\/wp\/v2\/types\/post"}],"author":[{"embeddable":true,"href":"https:\/\/filles-de-la-charite.org\/pt-pt\/wp-json\/wp\/v2\/users\/5"}],"replies":[{"embeddable":true,"href":"https:\/\/filles-de-la-charite.org\/pt-pt\/wp-json\/wp\/v2\/comments?post=49350"}],"version-history":[{"count":2,"href":"https:\/\/filles-de-la-charite.org\/pt-pt\/wp-json\/wp\/v2\/posts\/49350\/revisions"}],"predecessor-version":[{"id":49374,"href":"https:\/\/filles-de-la-charite.org\/pt-pt\/wp-json\/wp\/v2\/posts\/49350\/revisions\/49374"}],"wp:featuredmedia":[{"embeddable":true,"href":"https:\/\/filles-de-la-charite.org\/pt-pt\/wp-json\/wp\/v2\/media\/49351"}],"wp:attachment":[{"href":"https:\/\/filles-de-la-charite.org\/pt-pt\/wp-json\/wp\/v2\/media?parent=49350"}],"wp:term":[{"taxonomy":"category","embeddable":true,"href":"https:\/\/filles-de-la-charite.org\/pt-pt\/wp-json\/wp\/v2\/categories?post=49350"},{"taxonomy":"post_tag","embeddable":true,"href":"https:\/\/filles-de-la-charite.org\/pt-pt\/wp-json\/wp\/v2\/tags?post=49350"}],"curies":[{"name":"wp","href":"https:\/\/api.w.org\/{rel}","templated":true}]}}